{"id":12224,"date":"2021-12-10T18:04:45","date_gmt":"2021-12-10T18:04:45","guid":{"rendered":"https:\/\/www.chb.cl\/sitio\/?p=12224"},"modified":"2023-08-15T02:53:33","modified_gmt":"2023-08-15T02:53:33","slug":"ultimo-dia-de-clases-2021","status":"publish","type":"post","link":"https:\/\/www.chb.cl\/sitio\/ultimo-dia-de-clases-2021\/","title":{"rendered":"\u00a1\u00daltimo d\u00eda de clases 2021!"},"content":{"rendered":"<p>[vc_row][vc_column][vc_column_text]Actividades de Integraci\u00f3n, Exposiciones y una cuenta regresiva dieron t\u00e9rmino al a\u00f1o acad\u00e9mico 2021.<\/p>\n<p>Como Comunidad Educativa valoramos el esfuerzo de nuestros profesores, estudiantes y sus familias para dar t\u00e9rmino a este a\u00f1o acad\u00e9mico 2021, el que fue sin duda un a\u00f1o lleno de experiencia y aprendizaje para todos, dando sentido m\u00e1s que nunca a nuestra visi\u00f3n de ser la mejor alternativa educativa para formar personas dispuestas a ser felices, \u00edntegras, respetuosas y preparadas para liderar en la construcci\u00f3n de un mundo mejor.<\/p>\n<p>Le deseamos a nuestros estudiantes un merecido descanso y vacaciones.<\/p>\n<p>No olviden mantener los cuidados para la prevenci\u00f3n del Covid-19.[\/vc_column_text][vc_empty_space][vc_gallery interval=\u00bb3&#8243; images=\u00bb12225,12226,12227,12228,12229,12230,12231,12232,12233,12234,12235,12236,12237,12238,12239,12240,12241,12242,12243,12244,12245,12246&#8243; img_size=\u00bbfull\u00bb][\/vc_column][\/vc_row]<\/p>\n","protected":false},"excerpt":{"rendered":"<p>[vc_row][vc_column][vc_column_text]Actividades de Integraci\u00f3n, Exposiciones y una cuenta regresiva dieron t\u00e9rmino al a\u00f1o acad\u00e9mico 2021. Como Comunidad Educativa valoramos el esfuerzo de nuestros profesores, estudiantes y sus familias para dar t\u00e9rmino [&hellip;]<\/p>\n","protected":false},"author":1,"featured_media":0,"comment_status":"closed","ping_status":"closed","sticky":false,"template":"","format":"standard","meta":{"_et_pb_use_builder":"","_et_pb_old_content":"","_et_gb_content_width":"","footnotes":""},"categories":[1],"tags":[],"class_list":["post-12224","post","type-post","status-publish","format-standard","hentry","category-noticias"],"_links":{"self":[{"href":"https:\/\/www.chb.cl\/sitio\/wp-json\/wp\/v2\/posts\/12224","targetHints":{"allow":["GET"]}}],"collection":[{"href":"https:\/\/www.chb.cl\/sitio\/wp-json\/wp\/v2\/posts"}],"about":[{"href":"https:\/\/www.chb.cl\/sitio\/wp-json\/wp\/v2\/types\/post"}],"author":[{"embeddable":true,"href":"https:\/\/www.chb.cl\/sitio\/wp-json\/wp\/v2\/users\/1"}],"replies":[{"embeddable":true,"href":"https:\/\/www.chb.cl\/sitio\/wp-json\/wp\/v2\/comments?post=12224"}],"version-history":[{"count":0,"href":"https:\/\/www.chb.cl\/sitio\/wp-json\/wp\/v2\/posts\/12224\/revisions"}],"wp:attachment":[{"href":"https:\/\/www.chb.cl\/sitio\/wp-json\/wp\/v2\/media?parent=12224"}],"wp:term":[{"taxonomy":"category","embeddable":true,"href":"https:\/\/www.chb.cl\/sitio\/wp-json\/wp\/v2\/categories?post=12224"},{"taxonomy":"post_tag","embeddable":true,"href":"https:\/\/www.chb.cl\/sitio\/wp-json\/wp\/v2\/tags?post=12224"}],"curies":[{"name":"wp","href":"https:\/\/api.w.org\/{rel}","templated":true}]}}