{"id":14821,"date":"2022-06-01T19:06:39","date_gmt":"2022-06-01T19:06:39","guid":{"rendered":"https:\/\/www.chb.cl\/sitio\/?p=14821"},"modified":"2023-08-15T02:52:01","modified_gmt":"2023-08-15T02:52:01","slug":"corrida-atletica-ensenanza-media-2022","status":"publish","type":"post","link":"https:\/\/www.chb.cl\/sitio\/corrida-atletica-ensenanza-media-2022\/","title":{"rendered":"Corrida Atl\u00e9tica Ense\u00f1anza Media 2022"},"content":{"rendered":"<p>[vc_row][vc_column][vc_column_text]Esta ma\u00f1ana se di\u00f3 inicio a la Corrida Atl\u00e9tica de Ense\u00f1anza Media 2022 en el Estadio Tierra de Campeones de Iquique.<\/p>\n<p>La corrida atl\u00e9tica es una actividad preparada por el Departamento de Educaci\u00f3n F\u00edsica y Salud, asociada a distintos objetivos que buscan finalizar la unidad 1 de la asignatura de Educaci\u00f3n F\u00edsica, relacionada con el acondicionamiento f\u00edsico, el deporte individual y las habilidades motrices espec\u00edficas; evaluando la t\u00e9cnica de carrera, el reglamento y las capacidades condicionales, tales como resistencia aer\u00f3bica y anaer\u00f3bica en distintas pruebas preparadas previamente.<\/p>\n<p>La importancia de esta actividad radica en que se genera un cambio de actividades de toda la ense\u00f1anza media, donde el foco central es la relevancia de la actividad f\u00edsica para la salud, agregando otros factores de incidencia como alimentaci\u00f3n saludable, correcta ejecuci\u00f3n de t\u00e9cnicas, t\u00e1cticas y estrategias de atletismo y actitudes como:<\/p>\n<ul>\n<li>Demostrar y asumir responsabilidad por su salud, buscando mejorar su condici\u00f3n f\u00edsica y practicando actividades f\u00edsicas y\/o deportivas en forma regular.<\/li>\n<li>Promover la participaci\u00f3n de todos en las actividades f\u00edsicas, valorando la diversidad de las personas, sin discriminar por caracter\u00edsticas como altura, peso, color de piel, origen, condici\u00f3n f\u00edsica, discapacidades, etc.<\/li>\n<li>Demostrar valoraci\u00f3n de la pr\u00e1ctica regular de actividades f\u00edsicas y\/o deportivas como medios de crecimiento, bienestar y recreaci\u00f3n personal y social.<\/li>\n<li>Practicar actividad f\u00edsica de forma segura.<\/li>\n<\/ul>\n<p>Desde otro punto de vista, la actividad marca un desaf\u00edo al trasladar el lugar habitual de<\/p>\n<p>aprendizaje al Estadio Tierra de Campeones de la ciudad de Iquique, recuperando un concepto de \u201cextender la sala de clases\u201d, el que estuvo en pausa debido a la situaci\u00f3n sanitaria. En este sentido, todos los docentes de Ense\u00f1anza Media participaron activamente en su rol de mediadores del aprendizaje, colaborando directamente en el desempe\u00f1o de los estudiantes.<\/p>\n<p>La corrida atl\u00e9tica es una muestra de metodolog\u00eda centrada en el estudiante, en base a que las pruebas consideran el principio de electividad, es decir, son los mismos j\u00f3venes quienes deciden en qu\u00e9 pruebas se inscriben, dependiendo de sus capacidades y motivaci\u00f3n.[\/vc_column_text][vc_empty_space][vc_gallery interval=\u00bb3&#8243; images=\u00bb14862,14863,14864,14865,14866,14867,14868,14869,14870,14871,14872,14873,14874,14875,14876,14877,14878,14879,14880,14881,14882,14883,14884,14885,14886,14887,14888,14889,14890,14891,14892,14893,14894,14895,14896,14897,14898,14899,14900,14901&#8243; img_size=\u00bbfull\u00bb][\/vc_column][\/vc_row]<\/p>\n","protected":false},"excerpt":{"rendered":"<p>[vc_row][vc_column][vc_column_text]Esta ma\u00f1ana se di\u00f3 inicio a la Corrida Atl\u00e9tica de Ense\u00f1anza Media 2022 en el Estadio Tierra de Campeones de Iquique. La corrida atl\u00e9tica es una actividad preparada por el [&hellip;]<\/p>\n","protected":false},"author":1,"featured_media":14862,"comment_status":"closed","ping_status":"closed","sticky":false,"template":"","format":"standard","meta":{"_et_pb_use_builder":"","_et_pb_old_content":"","_et_gb_content_width":"","footnotes":""},"categories":[1],"tags":[],"class_list":["post-14821","post","type-post","status-publish","format-standard","has-post-thumbnail","hentry","category-noticias"],"_links":{"self":[{"href":"https:\/\/www.chb.cl\/sitio\/wp-json\/wp\/v2\/posts\/14821","targetHints":{"allow":["GET"]}}],"collection":[{"href":"https:\/\/www.chb.cl\/sitio\/wp-json\/wp\/v2\/posts"}],"about":[{"href":"https:\/\/www.chb.cl\/sitio\/wp-json\/wp\/v2\/types\/post"}],"author":[{"embeddable":true,"href":"https:\/\/www.chb.cl\/sitio\/wp-json\/wp\/v2\/users\/1"}],"replies":[{"embeddable":true,"href":"https:\/\/www.chb.cl\/sitio\/wp-json\/wp\/v2\/comments?post=14821"}],"version-history":[{"count":0,"href":"https:\/\/www.chb.cl\/sitio\/wp-json\/wp\/v2\/posts\/14821\/revisions"}],"wp:featuredmedia":[{"embeddable":true,"href":"https:\/\/www.chb.cl\/sitio\/wp-json\/wp\/v2\/media\/14862"}],"wp:attachment":[{"href":"https:\/\/www.chb.cl\/sitio\/wp-json\/wp\/v2\/media?parent=14821"}],"wp:term":[{"taxonomy":"category","embeddable":true,"href":"https:\/\/www.chb.cl\/sitio\/wp-json\/wp\/v2\/categories?post=14821"},{"taxonomy":"post_tag","embeddable":true,"href":"https:\/\/www.chb.cl\/sitio\/wp-json\/wp\/v2\/tags?post=14821"}],"curies":[{"name":"wp","href":"https:\/\/api.w.org\/{rel}","templated":true}]}}