{"id":22837,"date":"2023-12-01T14:05:55","date_gmt":"2023-12-01T14:05:55","guid":{"rendered":"https:\/\/www.chb.cl\/sitio\/?p=22837"},"modified":"2024-04-29T14:09:34","modified_gmt":"2024-04-29T17:09:34","slug":"finalizacion-del-ano-escolar-2024-colegio-hispano-britanico","status":"publish","type":"post","link":"https:\/\/www.chb.cl\/sitio\/finalizacion-del-ano-escolar-2024-colegio-hispano-britanico\/","title":{"rendered":"Finalizaci\u00f3n del a\u00f1o escolar 2023 colegio Hispano Brit\u00e1nico"},"content":{"rendered":"<table class=\"mcnTextBlock\" border=\"0\" width=\"100%\" cellspacing=\"0\" cellpadding=\"0\">\n<tbody class=\"mcnTextBlockOuter\">\n<tr>\n<td class=\"mcnTextBlockInner\" valign=\"top\">\n<table class=\"mcnTextContentContainer\" border=\"0\" width=\"100%\" cellspacing=\"0\" cellpadding=\"0\" align=\"left\">\n<tbody>\n<tr>\n<td class=\"mcnTextContent\" valign=\"top\">\n<div>\n<p>Estimada Comunidad Hispano Brit\u00e1nico:<\/p>\n<p>Junto con saludar y esperando que se encuentren bien, mediante la presente comunicaci\u00f3n quisiera entregarles las siguientes informaciones en relaci\u00f3n al cierre de a\u00f1o escolar 2023 y los \u00faltimos d\u00edas de clases.<\/p>\n<\/div>\n<ul>\n<li>Las clases durante la semana del 04 al 07 de diciembre se desarrollar\u00e1n bajo el siguiente detalle de salida:<\/li>\n<\/ul>\n<\/td>\n<\/tr>\n<\/tbody>\n<\/table>\n<\/td>\n<\/tr>\n<\/tbody>\n<\/table>\n<table class=\"mcnImageBlock\" border=\"0\" width=\"100%\" cellspacing=\"0\" cellpadding=\"0\">\n<tbody class=\"mcnImageBlockOuter\">\n<tr>\n<td class=\"mcnImageBlockInner\" valign=\"top\">\n<table class=\"mcnImageContentContainer\" border=\"0\" width=\"100%\" cellspacing=\"0\" cellpadding=\"0\" align=\"left\">\n<tbody>\n<tr>\n<td class=\"mcnImageContent\" valign=\"top\"><img decoding=\"async\" class=\"mcnImage\" src=\"https:\/\/mcusercontent.com\/312f5996e69f1a9a58475a471\/images\/6dcdc4ef-efcd-e4ec-1868-6ecab9ef1f65.png\" alt=\"\" width=\"564\" align=\"center\" \/><\/td>\n<\/tr>\n<\/tbody>\n<\/table>\n<\/td>\n<\/tr>\n<\/tbody>\n<\/table>\n<table class=\"mcnTextBlock\" border=\"0\" width=\"100%\" cellspacing=\"0\" cellpadding=\"0\">\n<tbody class=\"mcnTextBlockOuter\">\n<tr>\n<td class=\"mcnTextBlockInner\" valign=\"top\">\n<table class=\"mcnTextContentContainer\" border=\"0\" width=\"100%\" cellspacing=\"0\" cellpadding=\"0\" align=\"left\">\n<tbody>\n<tr>\n<td class=\"mcnTextContent\" valign=\"top\">\n<ul>\n<li>Recordarles que el \u00faltimo d\u00eda de clases ser\u00e1 el jueves 07 de diciembre.<\/li>\n<li>Es importante que sus hijos e hijas recuperen toda prenda de vestir que hayan perdido, \u00e9stas se encuentran en el canasto ubicado en inspector\u00eda de educaci\u00f3n b\u00e1sica.<\/li>\n<li>\u00a0Los casilleros (lockers) destinados a los estudiantes de 7\u00b0 b\u00e1sico a IV\u00b0 a\u00f1o medio, deber\u00e1n ser desocupados antes del mi\u00e9rcoles 05 de diciembre, incluyendo los materiales que est\u00e1n encima\u00a0 de ellos, ya que despu\u00e9s de esa fecha se proceder\u00e1 a abrirlos para desocuparlos y hacerles la mantenci\u00f3n correspondiente. Cualquier elemento no retirado ser\u00e1 descartado sin ulterior responsabilidad por parte del Colegio.<\/li>\n<li>\u00a0Hacer devoluci\u00f3n de los libros solicitados en Biblioteca.<\/li>\n<\/ul>\n<div>Atento a sus comentarios y esperando disfruten junto a sus hijos e hijas de unas merecidas vacaciones, se despide.<\/div>\n<div><strong>Alejandro Carrillo N\u00fa\u00f1ez<br \/>\nInspector\u00eda General<\/strong><\/div>\n<\/td>\n<\/tr>\n<\/tbody>\n<\/table>\n<\/td>\n<\/tr>\n<\/tbody>\n<\/table>\n","protected":false},"excerpt":{"rendered":"<p>Estimada Comunidad Hispano Brit\u00e1nico: Junto con saludar y esperando que se encuentren bien, mediante la presente comunicaci\u00f3n quisiera entregarles las siguientes informaciones en relaci\u00f3n al cierre de a\u00f1o escolar 2023 [&hellip;]<\/p>\n","protected":false},"author":1,"featured_media":0,"comment_status":"closed","ping_status":"closed","sticky":false,"template":"","format":"standard","meta":{"_et_pb_use_builder":"","_et_pb_old_content":"","_et_gb_content_width":"","footnotes":""},"categories":[79],"tags":[],"class_list":["post-22837","post","type-post","status-publish","format-standard","hentry","category-circulares2023"],"_links":{"self":[{"href":"https:\/\/www.chb.cl\/sitio\/wp-json\/wp\/v2\/posts\/22837","targetHints":{"allow":["GET"]}}],"collection":[{"href":"https:\/\/www.chb.cl\/sitio\/wp-json\/wp\/v2\/posts"}],"about":[{"href":"https:\/\/www.chb.cl\/sitio\/wp-json\/wp\/v2\/types\/post"}],"author":[{"embeddable":true,"href":"https:\/\/www.chb.cl\/sitio\/wp-json\/wp\/v2\/users\/1"}],"replies":[{"embeddable":true,"href":"https:\/\/www.chb.cl\/sitio\/wp-json\/wp\/v2\/comments?post=22837"}],"version-history":[{"count":0,"href":"https:\/\/www.chb.cl\/sitio\/wp-json\/wp\/v2\/posts\/22837\/revisions"}],"wp:attachment":[{"href":"https:\/\/www.chb.cl\/sitio\/wp-json\/wp\/v2\/media?parent=22837"}],"wp:term":[{"taxonomy":"category","embeddable":true,"href":"https:\/\/www.chb.cl\/sitio\/wp-json\/wp\/v2\/categories?post=22837"},{"taxonomy":"post_tag","embeddable":true,"href":"https:\/\/www.chb.cl\/sitio\/wp-json\/wp\/v2\/tags?post=22837"}],"curies":[{"name":"wp","href":"https:\/\/api.w.org\/{rel}","templated":true}]}}