{"id":32972,"date":"2024-03-15T09:43:44","date_gmt":"2024-03-15T12:43:44","guid":{"rendered":"https:\/\/www.chb.cl\/sitio\/?p=32972"},"modified":"2024-03-18T09:45:34","modified_gmt":"2024-03-18T12:45:34","slug":"7-a-4medio-cambio-de-actividades-debido-a-la-ceremonia-de-reconocimiento-a-la-excelencia-2023","status":"publish","type":"post","link":"https:\/\/www.chb.cl\/sitio\/7-a-4medio-cambio-de-actividades-debido-a-la-ceremonia-de-reconocimiento-a-la-excelencia-2023\/","title":{"rendered":"7\u00b0 a 4\u00b0medio &#8211; Cambio de actividades debido a la Ceremonia de Reconocimiento a la Excelencia 2023"},"content":{"rendered":"<div>\n<p>Estimados Padres, Madres y Apoderados:<\/p>\n<p>A trav\u00e9s de la presente, quisiera informarles que los d\u00edas mi\u00e9rcoles 20 y jueves 21, se realizar\u00e1 en nuestro Colegio la Ceremonia de Reconocimiento a la Excelencia, en la que se destacar\u00e1n a los estudiantes de Educaci\u00f3n Media que hayan sobresalido en el \u00e1mbito acad\u00e9mico, integralidad y de convivencia, durante el per\u00edodo 2023.<\/p>\n<p>Es por esta raz\u00f3n que en los d\u00edas antes mencionados, la salida de la Educaci\u00f3n Media ser\u00e1 a las 14:00 horas, por el port\u00f3n de Av. Salvador Allende Gossens.<\/p>\n<p>En Hispano Brit\u00e1nico consideramos necesario reconocer que el \u00e9xito de nuestros ni\u00f1os, ni\u00f1as y adolescentes es un reflejo de la sinergia entre los tres pilares fundamentales de la educaci\u00f3n: el estudiante, la familia y el Colegio. Esta colaboraci\u00f3n es esencial para fomentar un ambiente en el que los estudiantes no solo puedan aprender, sino tambi\u00e9n prosperar, alcanzar su m\u00e1ximo potencial y cumplir las metas que se propongan.<\/p>\n<p>Agradecemos de antemano su comprensi\u00f3n, atentamente,<\/p>\n<\/div>\n<div><strong>Alejandro Carrillo Nu\u00f1ez<br \/>\nInspector General<br \/>\nColegio Hispano Brit\u00e1nico<\/strong><\/div>\n","protected":false},"excerpt":{"rendered":"<p>Estimados Padres, Madres y Apoderados: A trav\u00e9s de la presente, quisiera informarles que los d\u00edas mi\u00e9rcoles 20 y jueves 21, se realizar\u00e1 en nuestro Colegio la Ceremonia de Reconocimiento a [&hellip;]<\/p>\n","protected":false},"author":1,"featured_media":0,"comment_status":"closed","ping_status":"closed","sticky":false,"template":"","format":"standard","meta":{"_et_pb_use_builder":"","_et_pb_old_content":"","_et_gb_content_width":"","footnotes":""},"categories":[95],"tags":[],"class_list":["post-32972","post","type-post","status-publish","format-standard","hentry","category-circulares2024"],"_links":{"self":[{"href":"https:\/\/www.chb.cl\/sitio\/wp-json\/wp\/v2\/posts\/32972","targetHints":{"allow":["GET"]}}],"collection":[{"href":"https:\/\/www.chb.cl\/sitio\/wp-json\/wp\/v2\/posts"}],"about":[{"href":"https:\/\/www.chb.cl\/sitio\/wp-json\/wp\/v2\/types\/post"}],"author":[{"embeddable":true,"href":"https:\/\/www.chb.cl\/sitio\/wp-json\/wp\/v2\/users\/1"}],"replies":[{"embeddable":true,"href":"https:\/\/www.chb.cl\/sitio\/wp-json\/wp\/v2\/comments?post=32972"}],"version-history":[{"count":0,"href":"https:\/\/www.chb.cl\/sitio\/wp-json\/wp\/v2\/posts\/32972\/revisions"}],"wp:attachment":[{"href":"https:\/\/www.chb.cl\/sitio\/wp-json\/wp\/v2\/media?parent=32972"}],"wp:term":[{"taxonomy":"category","embeddable":true,"href":"https:\/\/www.chb.cl\/sitio\/wp-json\/wp\/v2\/categories?post=32972"},{"taxonomy":"post_tag","embeddable":true,"href":"https:\/\/www.chb.cl\/sitio\/wp-json\/wp\/v2\/tags?post=32972"}],"curies":[{"name":"wp","href":"https:\/\/api.w.org\/{rel}","templated":true}]}}