{"id":38598,"date":"2025-02-26T12:09:07","date_gmt":"2025-02-26T15:09:07","guid":{"rendered":"https:\/\/www.chb.cl\/sitio\/?p=38598"},"modified":"2025-02-26T12:09:07","modified_gmt":"2025-02-26T15:09:07","slug":"informacion-importante-para-el-inicio-del-ano-escolar-2","status":"publish","type":"post","link":"https:\/\/www.chb.cl\/sitio\/informacion-importante-para-el-inicio-del-ano-escolar-2\/","title":{"rendered":"Informaci\u00f3n Importante para el inicio del a\u00f1o escolar"},"content":{"rendered":"<table class=\"mcnTextBlock\" border=\"0\" width=\"100%\" cellspacing=\"0\" cellpadding=\"0\">\n<tbody class=\"mcnTextBlockOuter\">\n<tr>\n<td class=\"mcnTextBlockInner\" valign=\"top\">\n<table class=\"mcnTextContentContainer\" border=\"0\" width=\"100%\" cellspacing=\"0\" cellpadding=\"0\" align=\"left\">\n<tbody>\n<tr>\n<td class=\"mcnTextContent\" valign=\"top\">\n<div>Estimados Padres, Madres y Apoderados:<\/p>\n<p>A trav\u00e9s de la presente, se informa que el inicio de este a\u00f1o acad\u00e9mico 2025, ser\u00e1 el pr\u00f3ximo\u00a0<strong>lunes 03 de marzo<\/strong>.<\/p>\n<p>Los horarios por curso se encuentran disponibles en nuestra p\u00e1gina web:<\/p><\/div>\n<\/td>\n<\/tr>\n<\/tbody>\n<\/table>\n<\/td>\n<\/tr>\n<\/tbody>\n<\/table>\n<table class=\"mcnButtonBlock\" border=\"0\" width=\"100%\" cellspacing=\"0\" cellpadding=\"0\">\n<tbody class=\"mcnButtonBlockOuter\">\n<tr>\n<td class=\"mcnButtonBlockInner\" style=\"text-align: center;\" align=\"center\" valign=\"top\">\n<table class=\"mcnButtonContentContainer\" border=\"0\" cellspacing=\"0\" cellpadding=\"0\">\n<tbody>\n<tr>\n<td class=\"mcnButtonContent\" style=\"text-align: left;\" align=\"center\" valign=\"middle\">\n<h2><a class=\"mcnButton \" title=\"Ense\u00f1anza B\u00e1sica\" href=\"https:\/\/www.chb.cl\/sitio\/modelo-mixto\/2024-horarios-basica\/\" target=\"_blank\" rel=\"noopener\">Ense\u00f1anza B\u00e1sica<\/a><\/h2>\n<\/td>\n<\/tr>\n<\/tbody>\n<\/table>\n<\/td>\n<\/tr>\n<\/tbody>\n<\/table>\n<table class=\"mcnButtonBlock\" border=\"0\" width=\"100%\" cellspacing=\"0\" cellpadding=\"0\">\n<tbody class=\"mcnButtonBlockOuter\">\n<tr>\n<td class=\"mcnButtonBlockInner\" align=\"center\" valign=\"top\">\n<table class=\"mcnButtonContentContainer alignleft\" border=\"0\" cellspacing=\"0\" cellpadding=\"0\">\n<tbody>\n<tr>\n<td class=\"mcnButtonContent\" style=\"text-align: left;\" align=\"center\" valign=\"middle\">\n<h2><a class=\"mcnButton \" title=\"Ense\u00f1anza Media\" href=\"https:\/\/www.chb.cl\/sitio\/modelo-mixto\/2024-horarios-media\/\" target=\"_blank\" rel=\"noopener\">Ense\u00f1anza Media<\/a><\/h2>\n<\/td>\n<\/tr>\n<\/tbody>\n<\/table>\n<\/td>\n<\/tr>\n<\/tbody>\n<\/table>\n<table class=\"mcnTextBlock\" border=\"0\" width=\"100%\" cellspacing=\"0\" cellpadding=\"0\">\n<tbody class=\"mcnTextBlockOuter\">\n<tr>\n<td class=\"mcnTextBlockInner\" valign=\"top\">\n<table class=\"mcnTextContentContainer\" border=\"0\" width=\"100%\" cellspacing=\"0\" cellpadding=\"0\" align=\"left\">\n<tbody>\n<tr>\n<td class=\"mcnTextContent\" valign=\"top\">El primer d\u00eda de clases, el horario ser\u00e1 el siguiente:<\/p>\n<table border=\"1\" width=\"668\" cellspacing=\"0\" cellpadding=\"0\" align=\"left\">\n<tbody>\n<tr>\n<td><strong>CURSO<\/strong><\/td>\n<td><strong>HORARIO INGRESO<\/strong><\/td>\n<td><strong>PUERTA<br \/>\nINGRESO<\/strong><\/td>\n<td><strong>HORARIO SALIDA<\/strong><\/td>\n<td><strong>PUERTA<br \/>\nSALIDA<\/strong><\/td>\n<\/tr>\n<tr>\n<td><strong>1\u00b0- 2\u00b0 B\u00c1SICO<\/strong><\/td>\n<td>7.45 hrs<\/td>\n<td>Puerta calle<br \/>\nManuel Balmaceda<\/td>\n<td>12.00 hrs<\/td>\n<td>Puerta calle<br \/>\nManuel Balmaceda<\/td>\n<\/tr>\n<tr>\n<td><strong>3\u00b0 B\u00c1SICO<\/strong><\/td>\n<td>7. 45 hrs<\/td>\n<td>Puerta calle<br \/>\nManuel Balmaceda<\/td>\n<td>12.30 hrs<\/td>\n<td>Puerta calle<br \/>\nManuel Balmaceda<\/td>\n<\/tr>\n<tr>\n<td><strong>4\u00b0 B\u00c1SICO<\/strong><\/td>\n<td>7. 45 hrs<\/td>\n<td>Puerta Principal<br \/>\nCalle S. Allende<\/td>\n<td>12.30 hrs<\/td>\n<td>Puerta calle<br \/>\nManuel Balmaceda<\/td>\n<\/tr>\n<tr>\n<td><strong>5\u00b0 B\u00c1SICO<\/strong><\/td>\n<td>7. 45 hrs<\/td>\n<td>Puerta Principal<br \/>\nCalle S. Allende<\/td>\n<td>12.30 hrs<\/td>\n<td>Puerta Ed. Media<br \/>\nCalle S. Allende<\/td>\n<\/tr>\n<tr>\n<td><strong>6\u00b0 B\u00c1SICO<\/strong><\/td>\n<td>7. 45 hrs<\/td>\n<td>Puerta calle<br \/>\nManuel Balmaceda<\/td>\n<td>12.30 hrs<\/td>\n<td>Puerta Ed. Media<br \/>\nCalle S. Allende<\/td>\n<\/tr>\n<tr>\n<td><strong>ED. MEDIA<\/strong><\/td>\n<td>8.00 hrs<\/td>\n<td>Puerta Ed. Media<br \/>\nCalle S. Allende<\/td>\n<td>13.00 hrs<\/td>\n<td>Puerta Ed. Media<br \/>\nCalle S. Allende<\/td>\n<\/tr>\n<\/tbody>\n<\/table>\n<p>Desde el d\u00eda martes 04 de marzo en adelante, todos los niveles cumplen con su horario seg\u00fan lo\u00a0informado en p\u00e1gina web.<\/td>\n<\/tr>\n<\/tbody>\n<\/table>\n<\/td>\n<\/tr>\n<\/tbody>\n<\/table>\n<table class=\"mcnTextBlock\" border=\"0\" width=\"100%\" cellspacing=\"0\" cellpadding=\"0\">\n<tbody class=\"mcnTextBlockOuter\">\n<tr>\n<td class=\"mcnTextBlockInner\" valign=\"top\">\n<table class=\"mcnTextContentContainer\" border=\"0\" width=\"100%\" cellspacing=\"0\" cellpadding=\"0\" align=\"left\">\n<tbody>\n<tr>\n<td class=\"mcnTextContent\" valign=\"top\">\n<div><strong><u>Calendario Escolar 2025:<\/u><\/strong><br \/>\n1.1. Ingreso Estudiantes:\u00a0\u00a0\u00a0\u00a0\u00a0\u00a0\u00a0\u00a0\u00a0\u00a0\u00a0 Lunes 03 de marzo de 2025.<br \/>\n1.2. Primer semestre:\u00a0\u00a0\u00a0\u00a0\u00a0\u00a0\u00a0\u00a0\u00a0\u00a0\u00a0\u00a0\u00a0\u00a0\u00a0\u00a0 03 de marzo al 04 de julio.<br \/>\n1.3. Desfile Glorias Navales:\u00a0\u00a0\u00a0\u00a0\u00a0\u00a0 20 de mayo, delegaci\u00f3n IV\u00b0 medios.<br \/>\n1.4. D\u00eda sandwich:\u00a0\u00a0\u00a0\u00a0\u00a0\u00a0\u00a0\u00a0\u00a0\u00a0\u00a0\u00a0\u00a0\u00a0\u00a0\u00a0\u00a0\u00a0\u00a0\u00a0\u00a0 02 de mayo (01 de mayo, feriado).<br \/>\n1.5. Vacaciones de invierno:\u00a0\u00a0\u00a0\u00a0\u00a0\u00a0 07 al 18 de julio.<br \/>\n1.6. Jornada Ev. y planificaci\u00f3n:\u00a0 21 y 22 de julio, jornada sin estudiantes.<br \/>\n1.7. Segundo semestre:\u00a0\u00a0\u00a0\u00a0\u00a0\u00a0\u00a0\u00a0\u00a0\u00a0\u00a0\u00a0 23 de julio al 11 de diciembre.<br \/>\n1.8. Receso fiestas patrias:\u00a0\u00a0\u00a0\u00a0\u00a0\u00a0\u00a0\u00a0 15, 16 y 17 de septiembre.<br \/>\n1.9. D\u00eda del profesor y profesora: 17 de octubre, jornada sin estudiantes.<\/div>\n<ul>\n<li>Los apoderados de 1\u00b0 b\u00e1sico podr\u00e1n ingresar y dejar a los estudiantes en la sala de clases a partir de las 7.30 hrs. Esta din\u00e1mica es\u00a0<strong>s\u00f3lo para el mes de marzo<\/strong>. A partir del 01 de abril los estudiantes ingresan solos por la puerta de calle Manuel Balmaceda.<\/li>\n<li>Desde el primer d\u00eda de clases, la asistencia y la puntualidad de su hijo o hija ser\u00e1n controladas, por lo que solicitamos su m\u00e1ximo apoyo al respecto.<\/li>\n<li>La inasistencia a clases debe ser justificada por el apoderado en un plazo de 48 horas para motivos m\u00e9dicos y de 24 horas para otras causales de fuerza mayor.\u00a0<u>Dicha justificaci\u00f3n debe ser informada v\u00eda correo electr\u00f3nico incluyendo, en los casos que corresponda, la documentaci\u00f3n de respaldo. Para tales efectos, dirigir el correo a las siguientes direcciones, seg\u00fan corresponda:<\/u><\/li>\n<li>Estudiantes de Ed. B\u00e1sica:\u00a0\u00a0\u00a0\u00a0\u00a0\u00a0\u00a0\u00a0 \u00a0\u00a0\u00a0\u00a0\u00a0\u00a0\u00a0\u00a0\u00a0\u00a0<a href=\"mailto:justificacion.basica@chb.cl\">justificaciones.basica@chb.cl<\/a><\/li>\n<li>Estudiantes de Ed. Media:\u00a0\u00a0\u00a0\u00a0\u00a0\u00a0\u00a0\u00a0\u00a0 \u00a0\u00a0\u00a0\u00a0\u00a0\u00a0\u00a0\u00a0\u00a0\u00a0<a href=\"mailto:justificacion.media@chb.cl\">justificaciones.media@chb.cl<\/a><\/li>\n<li>El retiro de estudiantes durante la jornada escolar es un proceso que debe ser realizado presencialmente por los apoderados, mediante tr\u00e1mite en la oficina de secretar\u00eda del Colegio.\u00a0<strong>No se aceptan retiros de estudiantes por tel\u00e9fono ni a trav\u00e9s de correos electr\u00f3nicos, de acuerdo a lo establecido en el Reglamento de Convivencia en su t\u00edtulo D\u00e9cimo Septimo.<\/strong><\/li>\n<li>El uso del Uniforme Escolar es obligatorio, seg\u00fan lo estipulado en el\u00a0<strong>Manual de Convivencia Escolar\u00a0<\/strong>y no se permitir\u00e1n prendas alternativas.<u><\/u><\/li>\n<\/ul>\n<\/td>\n<\/tr>\n<\/tbody>\n<\/table>\n<\/td>\n<\/tr>\n<\/tbody>\n<\/table>\n<table class=\"mcnTextBlock\" border=\"0\" width=\"100%\" cellspacing=\"0\" cellpadding=\"0\">\n<tbody class=\"mcnTextBlockOuter\">\n<tr>\n<td class=\"mcnTextBlockInner\" valign=\"top\">\n<table class=\"mcnTextContentContainer\" border=\"0\" width=\"100%\" cellspacing=\"0\" cellpadding=\"0\" align=\"left\">\n<tbody>\n<tr>\n<td class=\"mcnTextContent\" valign=\"top\">\n<div>Atentamente,<\/div>\n<div><strong>Alejandro Carrillo N\u00fa\u00f1ez<br \/>\nInspector General<br \/>\nColegio Hispano Brit\u00e1nico<\/strong><\/div>\n<\/td>\n<\/tr>\n<\/tbody>\n<\/table>\n<\/td>\n<\/tr>\n<\/tbody>\n<\/table>\n","protected":false},"excerpt":{"rendered":"<p>Estimados Padres, Madres y Apoderados: A trav\u00e9s de la presente, se informa que el inicio de este a\u00f1o acad\u00e9mico 2025, ser\u00e1 el pr\u00f3ximo\u00a0lunes 03 de marzo. Los horarios por curso [&hellip;]<\/p>\n","protected":false},"author":1,"featured_media":0,"comment_status":"closed","ping_status":"closed","sticky":false,"template":"","format":"standard","meta":{"_et_pb_use_builder":"","_et_pb_old_content":"","_et_gb_content_width":"","footnotes":""},"categories":[96],"tags":[],"class_list":["post-38598","post","type-post","status-publish","format-standard","hentry","category-circulares2025"],"_links":{"self":[{"href":"https:\/\/www.chb.cl\/sitio\/wp-json\/wp\/v2\/posts\/38598","targetHints":{"allow":["GET"]}}],"collection":[{"href":"https:\/\/www.chb.cl\/sitio\/wp-json\/wp\/v2\/posts"}],"about":[{"href":"https:\/\/www.chb.cl\/sitio\/wp-json\/wp\/v2\/types\/post"}],"author":[{"embeddable":true,"href":"https:\/\/www.chb.cl\/sitio\/wp-json\/wp\/v2\/users\/1"}],"replies":[{"embeddable":true,"href":"https:\/\/www.chb.cl\/sitio\/wp-json\/wp\/v2\/comments?post=38598"}],"version-history":[{"count":0,"href":"https:\/\/www.chb.cl\/sitio\/wp-json\/wp\/v2\/posts\/38598\/revisions"}],"wp:attachment":[{"href":"https:\/\/www.chb.cl\/sitio\/wp-json\/wp\/v2\/media?parent=38598"}],"wp:term":[{"taxonomy":"category","embeddable":true,"href":"https:\/\/www.chb.cl\/sitio\/wp-json\/wp\/v2\/categories?post=38598"},{"taxonomy":"post_tag","embeddable":true,"href":"https:\/\/www.chb.cl\/sitio\/wp-json\/wp\/v2\/tags?post=38598"}],"curies":[{"name":"wp","href":"https:\/\/api.w.org\/{rel}","templated":true}]}}