{"id":38862,"date":"2025-03-14T15:15:16","date_gmt":"2025-03-14T18:15:16","guid":{"rendered":"https:\/\/www.chb.cl\/sitio\/?p=38862"},"modified":"2025-03-14T15:44:05","modified_gmt":"2025-03-14T18:44:05","slug":"informacion-ausencia-de-docente","status":"publish","type":"post","link":"https:\/\/www.chb.cl\/sitio\/informacion-ausencia-de-docente\/","title":{"rendered":"Informaci\u00f3n ausencia de docente"},"content":{"rendered":"<p>[et_pb_section fb_built=\u00bb1&#8243; admin_label=\u00bbsection\u00bb _builder_version=\u00bb4.16&#8243; global_colors_info=\u00bb{}\u00bb][et_pb_row admin_label=\u00bbrow\u00bb _builder_version=\u00bb4.16&#8243; background_size=\u00bbinitial\u00bb background_position=\u00bbtop_left\u00bb background_repeat=\u00bbrepeat\u00bb global_colors_info=\u00bb{}\u00bb][et_pb_column type=\u00bb4_4&#8243; _builder_version=\u00bb4.16&#8243; custom_padding=\u00bb|||\u00bb global_colors_info=\u00bb{}\u00bb custom_padding__hover=\u00bb|||\u00bb][et_pb_text admin_label=\u00bbText\u00bb _builder_version=\u00bb4.27.4&#8243; background_size=\u00bbinitial\u00bb background_position=\u00bbtop_left\u00bb background_repeat=\u00bbrepeat\u00bb hover_enabled=\u00bb0&#8243; global_colors_info=\u00bb{}\u00bb sticky_enabled=\u00bb0&#8243;]<\/p>\n<p style=\"text-align: justify;\">Estimada comunidad educativa,<\/p>\n<p style=\"text-align: justify;\">Junto con saludar, queremos informarles sobre una situaci\u00f3n que ha afectado el normal desarrollo de las clases de Historia, Geograf\u00eda y Ciencias Sociales; Filosof\u00eda y Educaci\u00f3n Ciudadana impartidas por el profesor Fernando Santos, quien se ha ausentado de sus labores sin previo aviso a la instituci\u00f3n.<\/p>\n<p style=\"text-align: justify;\">Ante esta circunstancia, nos encontramos actualmente en proceso de b\u00fasqueda y reclutamiento de un nuevo docente para cubrir dichas clases a la brevedad. Lamentamos los inconvenientes que esta situaci\u00f3n ha generado y aseguramos que nuestro equipo de reclutamiento est\u00e1 trabajando activamente en esta tarea.<\/p>\n<p style=\"text-align: justify;\">Mientras se concreta la incorporaci\u00f3n del nuevo docente, las Unidades T\u00e9cnico Pedag\u00f3gicas han implementado el protocolo establecido para asegurar la continuidad del aprendizaje, lo que implica:<\/p>\n<ul style=\"text-align: justify;\">\n<li>En primera instancia, la cobertura de clases por parte de docentes de la misma asignatura.<\/li>\n<li>En su defecto, la asignaci\u00f3n de docentes de otras disciplinas.<\/li>\n<li>Como \u00faltima opci\u00f3n, el apoyo de inspectores con gu\u00edas de trabajo dise\u00f1adas por la Unidad T\u00e9cnico Pedag\u00f3gica.<\/li>\n<\/ul>\n<p style=\"text-align: justify;\">Esperamos contar con el reemplazo del docente durante la pr\u00f3xima semana, momento en el cual se reorganizar\u00e1n las clases con los cursos correspondientes, aplicando los ajustes necesarios para que esta ausencia no afecte el avance curricular de la asignatura.<\/p>\n<p style=\"text-align: justify;\">Agradecemos su comprensi\u00f3n y confianza en nuestro compromiso con la educaci\u00f3n de sus hijos. Ante cualquier consulta, quedamos a disposici\u00f3n a trav\u00e9s de los canales oficiales del colegio.<\/p>\n<p style=\"text-align: justify;\">Atentamente,<\/p>\n<p style=\"text-align: justify;\">Jefes de Unidad T\u00e9cnico Pedag\u00f3gica<\/p>\n<p style=\"text-align: justify;\">B\u00e1sica y Media<\/p>\n<p>[\/et_pb_text][\/et_pb_column][\/et_pb_row][\/et_pb_section]<\/p>\n","protected":false},"excerpt":{"rendered":"<p>Estimada comunidad educativa, Junto con saludar, queremos informarles sobre una situaci\u00f3n que ha afectado el normal desarrollo de las clases de Historia, Geograf\u00eda y Ciencias Sociales; Filosof\u00eda y Educaci\u00f3n Ciudadana [&hellip;]<\/p>\n","protected":false},"author":1,"featured_media":0,"comment_status":"closed","ping_status":"closed","sticky":false,"template":"","format":"standard","meta":{"_et_pb_use_builder":"on","_et_pb_old_content":"Estimada comunidad educativa,\r\n\r\nJunto con saludar, queremos informarles sobre una situaci\u00f3n que ha afectado el normal desarrollo de las clases de Historia, Geograf\u00eda y Ciencias Sociales; Filosof\u00eda y Educaci\u00f3n Ciudadana impartidas por el profesor Fernando Santos, quien se ha ausentado de sus labores sin previo aviso a la instituci\u00f3n.\r\n\r\nAnte esta circunstancia, nos encontramos actualmente en proceso de b\u00fasqueda y reclutamiento de un nuevo docente para cubrir dichas clases a la brevedad. Lamentamos los inconvenientes que esta situaci\u00f3n ha generado y aseguramos que nuestro equipo de reclutamiento est\u00e1 trabajando activamente en esta tarea.\r\n\r\nMientras se concreta la incorporaci\u00f3n del nuevo docente, las Unidades T\u00e9cnico Pedag\u00f3gicas han implementado el protocolo establecido para asegurar la continuidad del aprendizaje, lo que implica:\r\n<ul>\r\n \t<li>En primera instancia, la cobertura de clases por parte de docentes de la misma asignatura.<\/li>\r\n \t<li>En su defecto, la asignaci\u00f3n de docentes de otras disciplinas.<\/li>\r\n \t<li>Como \u00faltima opci\u00f3n, el apoyo de inspectores con gu\u00edas de trabajo dise\u00f1adas por la Unidad T\u00e9cnico Pedag\u00f3gica.<\/li>\r\n<\/ul>\r\nEsperamos contar con el reemplazo del docente durante la pr\u00f3xima semana, momento en el cual se reorganizar\u00e1n las clases con los cursos correspondientes, aplicando los ajustes necesarios para que esta ausencia no afecte el avance curricular de la asignatura.\r\n\r\nAgradecemos su comprensi\u00f3n y confianza en nuestro compromiso con la educaci\u00f3n de sus hijos. Ante cualquier consulta, quedamos a disposici\u00f3n a trav\u00e9s de los canales oficiales del colegio.\r\n\r\nAtentamente,\r\n\r\nJefes de Unidad T\u00e9cnico Pedag\u00f3gica\r\n\r\nB\u00e1sica y Media","_et_gb_content_width":"","footnotes":""},"categories":[96],"tags":[],"class_list":["post-38862","post","type-post","status-publish","format-standard","hentry","category-circulares2025"],"_links":{"self":[{"href":"https:\/\/www.chb.cl\/sitio\/wp-json\/wp\/v2\/posts\/38862","targetHints":{"allow":["GET"]}}],"collection":[{"href":"https:\/\/www.chb.cl\/sitio\/wp-json\/wp\/v2\/posts"}],"about":[{"href":"https:\/\/www.chb.cl\/sitio\/wp-json\/wp\/v2\/types\/post"}],"author":[{"embeddable":true,"href":"https:\/\/www.chb.cl\/sitio\/wp-json\/wp\/v2\/users\/1"}],"replies":[{"embeddable":true,"href":"https:\/\/www.chb.cl\/sitio\/wp-json\/wp\/v2\/comments?post=38862"}],"version-history":[{"count":0,"href":"https:\/\/www.chb.cl\/sitio\/wp-json\/wp\/v2\/posts\/38862\/revisions"}],"wp:attachment":[{"href":"https:\/\/www.chb.cl\/sitio\/wp-json\/wp\/v2\/media?parent=38862"}],"wp:term":[{"taxonomy":"category","embeddable":true,"href":"https:\/\/www.chb.cl\/sitio\/wp-json\/wp\/v2\/categories?post=38862"},{"taxonomy":"post_tag","embeddable":true,"href":"https:\/\/www.chb.cl\/sitio\/wp-json\/wp\/v2\/tags?post=38862"}],"curies":[{"name":"wp","href":"https:\/\/api.w.org\/{rel}","templated":true}]}}