{"id":38995,"date":"2025-03-25T13:01:02","date_gmt":"2025-03-25T16:01:02","guid":{"rendered":"https:\/\/www.chb.cl\/sitio\/?p=38995"},"modified":"2025-03-27T12:45:37","modified_gmt":"2025-03-27T15:45:37","slug":"por-que-son-tan-importantes-las-jornadas-de-educacion-fisica-con-orientacion-al-deporte-colectivo-del-colegio-hispano-britanico","status":"publish","type":"post","link":"https:\/\/www.chb.cl\/sitio\/por-que-son-tan-importantes-las-jornadas-de-educacion-fisica-con-orientacion-al-deporte-colectivo-del-colegio-hispano-britanico\/","title":{"rendered":"\u00bfPor qu\u00e9 son tan importantes las Jornadas de Educaci\u00f3n F\u00edsica con Orientaci\u00f3n al Deporte Colectivo del Colegio Hispano Brit\u00e1nico?"},"content":{"rendered":"<p>[et_pb_section fb_built=\u00bb1&#8243; _builder_version=\u00bb4.27.4&#8243; _module_preset=\u00bbdefault\u00bb global_colors_info=\u00bb{}\u00bb][et_pb_row _builder_version=\u00bb4.27.4&#8243; _module_preset=\u00bbdefault\u00bb global_colors_info=\u00bb{}\u00bb][et_pb_column type=\u00bb4_4&#8243; _builder_version=\u00bb4.27.4&#8243; _module_preset=\u00bbdefault\u00bb global_colors_info=\u00bb{}\u00bb][et_pb_text _builder_version=\u00bb4.27.4&#8243; _module_preset=\u00bbdefault\u00bb global_colors_info=\u00bb{}\u00bb]<\/p>\n<div>\n<p style=\"text-align: justify;\">Estimada Comunidad Educativa Hispano Brit\u00e1nico:<\/p>\n<p style=\"text-align: justify;\">En el escenario actual, donde los \u00edndices de obesidad y sedentarismo infantil en Chile muestran una tendencia preocupante al alza, el Colegio Hispano Brit\u00e1nico ha tomado la decisi\u00f3n de reforzar su compromiso con la salud y el bienestar integral de sus estudiantes, implementando desde el pasado 17 de marzo, con una gran convocatoria, una jornada de actividad f\u00edsica y deportiva a trav\u00e9s del Deporte Colectivo, estableciendo bloques semanales de dos horas dedicadas exclusivamente a esta pr\u00e1ctica. Esta medida, respaldada por datos y cifras que evidencian la urgencia de actuar frente a esta problem\u00e1tica, busca fomentar h\u00e1bitos de vida saludable y promover el desarrollo f\u00edsico, social y emocional de nuestros ni\u00f1os, ni\u00f1as y adolescentes.<\/p>\n<p style=\"text-align: justify;\">\n<\/div>\n<div style=\"text-align: justify;\"><strong>\u00a1La obesidad pone en riesgo el futuro de nuestros ni\u00f1os, ni\u00f1as y adolescentes!<\/strong><\/div>\n<p>[\/et_pb_text][et_pb_image src=\u00bbhttps:\/\/www.chb.cl\/sitio\/wp-content\/uploads\/2025\/03\/2.png\u00bb title_text=\u00bb2&#8243; align=\u00bbcenter\u00bb _builder_version=\u00bb4.27.4&#8243; _module_preset=\u00bbdefault\u00bb global_colors_info=\u00bb{}\u00bb][\/et_pb_image][et_pb_text _builder_version=\u00bb4.27.4&#8243; _module_preset=\u00bbdefault\u00bb global_colors_info=\u00bb{}\u00bb]<\/p>\n<p style=\"text-align: justify;\">Las Jornadas de Educaci\u00f3n F\u00edsica con Orientaci\u00f3n al Deporte Colectivo deben ser consideradas como\u00a0<em>instancias formativas, no competitivas<\/em>, complementarias al curr\u00edculum de la asignatura de Educaci\u00f3n F\u00edsica y Salud, en las que se diagnosticar\u00e1 a cada estudiante en cuanto a su nivel motriz y deportivo, calificando el proceso y la t\u00e9cnica por sobre los resultados.<\/p>\n<p style=\"text-align: justify;\"><strong>Nuestro compromiso institucional para combatir la obesidad y el sedentarismo:<\/strong><\/p>\n<p style=\"text-align: justify;\">Esta actualizaci\u00f3n en el curr\u00edculum de Educaci\u00f3n F\u00edsica est\u00e1 alineada con nuestra visi\u00f3n de ser la mejor alternativa educativa, donde los estudiantes desarrollan sus competencias en un ambiente de alta exigencia acad\u00e9mica y deportiva. Hispano Brit\u00e1nico busca formar personas felices, \u00edntegras, respetuosas y preparadas para liderar en la construcci\u00f3n de un mundo mejor. Las Jornadas de Educaci\u00f3n F\u00edsica con Orientaci\u00f3n al Deporte Colectivo que implementa el Colegio Hispano Brit\u00e1nico es prevenir la obesidad y sedentarismo ante la creciente crisis que afecta a Chile y al mundo.<\/p>\n<p>[\/et_pb_text][\/et_pb_column][\/et_pb_row][et_pb_row column_structure=\u00bb1_2,1_2&#8243; _builder_version=\u00bb4.27.4&#8243; _module_preset=\u00bbdefault\u00bb global_colors_info=\u00bb{}\u00bb][et_pb_column type=\u00bb1_2&#8243; _builder_version=\u00bb4.27.4&#8243; _module_preset=\u00bbdefault\u00bb global_colors_info=\u00bb{}\u00bb][et_pb_image src=\u00bbhttps:\/\/www.chb.cl\/sitio\/wp-content\/uploads\/2025\/03\/3.jpg\u00bb title_text=\u00bb3&#8243; align=\u00bbcenter\u00bb _builder_version=\u00bb4.27.4&#8243; _module_preset=\u00bbdefault\u00bb global_colors_info=\u00bb{}\u00bb][\/et_pb_image][et_pb_image src=\u00bbhttps:\/\/www.chb.cl\/sitio\/wp-content\/uploads\/2025\/03\/5.jpg\u00bb title_text=\u00bb5&#8243; align=\u00bbcenter\u00bb _builder_version=\u00bb4.27.4&#8243; _module_preset=\u00bbdefault\u00bb global_colors_info=\u00bb{}\u00bb][\/et_pb_image][\/et_pb_column][et_pb_column type=\u00bb1_2&#8243; _builder_version=\u00bb4.27.4&#8243; _module_preset=\u00bbdefault\u00bb global_colors_info=\u00bb{}\u00bb][et_pb_image src=\u00bbhttps:\/\/www.chb.cl\/sitio\/wp-content\/uploads\/2025\/03\/4.jpg\u00bb title_text=\u00bb4&#8243; align=\u00bbcenter\u00bb _builder_version=\u00bb4.27.4&#8243; _module_preset=\u00bbdefault\u00bb global_colors_info=\u00bb{}\u00bb][\/et_pb_image][et_pb_image src=\u00bbhttps:\/\/www.chb.cl\/sitio\/wp-content\/uploads\/2025\/03\/6.jpg\u00bb title_text=\u00bb6&#8243; align=\u00bbcenter\u00bb _builder_version=\u00bb4.27.4&#8243; _module_preset=\u00bbdefault\u00bb global_colors_info=\u00bb{}\u00bb][\/et_pb_image][\/et_pb_column][\/et_pb_row][et_pb_row _builder_version=\u00bb4.27.4&#8243; _module_preset=\u00bbdefault\u00bb global_colors_info=\u00bb{}\u00bb][et_pb_column type=\u00bb4_4&#8243; _builder_version=\u00bb4.27.4&#8243; _module_preset=\u00bbdefault\u00bb global_colors_info=\u00bb{}\u00bb][et_pb_text _builder_version=\u00bb4.27.4&#8243; _module_preset=\u00bbdefault\u00bb global_colors_info=\u00bb{}\u00bb]<\/p>\n<div>\n<p style=\"text-align: justify;\">Estas cifras reflejan la urgencia de implementar programas de Educaci\u00f3n F\u00edsica, que junto con fomentar la actividad, buscan tambi\u00e9n crear h\u00e1bitos saludables desde una edad temprana.<\/p>\n<p style=\"text-align: justify;\"><strong>Gran inversi\u00f3n para combatir el sedentarismo en CHB:<\/strong><\/p>\n<p style=\"text-align: justify;\">Como parte del esfuerzo por fomentar la actividad f\u00edsica y la vida saludable, el Colegio Hispano Brit\u00e1nico ha realizado una importante inversi\u00f3n en infraestructura y en el fortalecimiento del \u00e1rea deportiva, asegurando que nuestros estudiantes tengan las mejores condiciones para su desarrollo f\u00edsico y mental, a saber:<\/p>\n<p style=\"text-align: justify;\">\n<\/div>\n<ul>\n<li style=\"text-align: justify;\">Remodelaci\u00f3n de la cancha empastada del Colegio, incorporando una nueva infraestructura e iluminaci\u00f3n para garantizar su uso en horarios extendidos.<\/li>\n<li style=\"text-align: justify;\">Aumento en la carga horaria del equipo de Educaci\u00f3n F\u00edsica y Salud, permitiendo un enfoque m\u00e1s profundo en la ense\u00f1anza de la actividad f\u00edsica y el deporte.<\/li>\n<li style=\"text-align: justify;\">Ajustes en la jornada escolar, como el proyecto de concentraci\u00f3n de la jornada de Educaci\u00f3n Media, que permite a los estudiantes finalizar su jornada a las 14:45 hrs, facilitando una mejor organizaci\u00f3n del tiempo, promoviendo h\u00e1bitos saludables y promoviendo una alimentaci\u00f3n m\u00e1s equilibrada.<\/li>\n<\/ul>\n<p>[\/et_pb_text][et_pb_image src=\u00bbhttps:\/\/www.chb.cl\/sitio\/wp-content\/uploads\/2025\/03\/7.jpg\u00bb title_text=\u00bb7&#8243; align=\u00bbcenter\u00bb _builder_version=\u00bb4.27.4&#8243; _module_preset=\u00bbdefault\u00bb global_colors_info=\u00bb{}\u00bb][\/et_pb_image][et_pb_text _builder_version=\u00bb4.27.4&#8243; _module_preset=\u00bbdefault\u00bb global_colors_info=\u00bb{}\u00bb]<\/p>\n<p style=\"text-align: justify;\">Las Jornadas de Educaci\u00f3n F\u00edsica, al incrementar en 2 horas semanales la actividad f\u00edsica, tienen como objetivo combatir la obesidad desde sus ra\u00edces, promoviendo el desarrollo f\u00edsico, mental y emocional de los estudiantes; reduciendo, adem\u00e1s, el impacto econ\u00f3mico que conlleva este problema.<\/p>\n<p style=\"text-align: justify;\"><strong>En un futuro no muy lejano, la obesidad y el sedentarismo aumentar\u00e1 significativamente el costo de la salud en todo el mundo:<\/strong><\/p>\n<p>[\/et_pb_text][\/et_pb_column][\/et_pb_row][et_pb_row column_structure=\u00bb1_2,1_2&#8243; _builder_version=\u00bb4.27.4&#8243; _module_preset=\u00bbdefault\u00bb global_colors_info=\u00bb{}\u00bb][et_pb_column type=\u00bb1_2&#8243; _builder_version=\u00bb4.27.4&#8243; _module_preset=\u00bbdefault\u00bb global_colors_info=\u00bb{}\u00bb][et_pb_image src=\u00bbhttps:\/\/www.chb.cl\/sitio\/wp-content\/uploads\/2025\/03\/8.jpg\u00bb title_text=\u00bb8&#8243; align=\u00bbcenter\u00bb _builder_version=\u00bb4.27.4&#8243; _module_preset=\u00bbdefault\u00bb global_colors_info=\u00bb{}\u00bb][\/et_pb_image][\/et_pb_column][et_pb_column type=\u00bb1_2&#8243; _builder_version=\u00bb4.27.4&#8243; _module_preset=\u00bbdefault\u00bb global_colors_info=\u00bb{}\u00bb][et_pb_image src=\u00bbhttps:\/\/www.chb.cl\/sitio\/wp-content\/uploads\/2025\/03\/9.jpg\u00bb title_text=\u00bb9&#8243; align=\u00bbcenter\u00bb _builder_version=\u00bb4.27.4&#8243; _module_preset=\u00bbdefault\u00bb global_colors_info=\u00bb{}\u00bb][\/et_pb_image][\/et_pb_column][\/et_pb_row][et_pb_row _builder_version=\u00bb4.27.4&#8243; _module_preset=\u00bbdefault\u00bb global_colors_info=\u00bb{}\u00bb][et_pb_column type=\u00bb4_4&#8243; _builder_version=\u00bb4.27.4&#8243; _module_preset=\u00bbdefault\u00bb global_colors_info=\u00bb{}\u00bb][et_pb_text _builder_version=\u00bb4.27.4&#8243; _module_preset=\u00bbdefault\u00bb global_colors_info=\u00bb{}\u00bb]<\/p>\n<p style=\"text-align: justify;\">Ante estos datos, el Departamento de Educaci\u00f3n F\u00edsica y Salud del Colegio Hispano Brit\u00e1nico, realiz\u00f3 en el a\u00f1o 2024 una medici\u00f3n de peso y talla en los estudiantes de educaci\u00f3n b\u00e1sica y media, arrojando los siguientes resultados:<\/p>\n<p>[\/et_pb_text][\/et_pb_column][\/et_pb_row][et_pb_row column_structure=\u00bb1_2,1_2&#8243; _builder_version=\u00bb4.27.4&#8243; _module_preset=\u00bbdefault\u00bb global_colors_info=\u00bb{}\u00bb][et_pb_column type=\u00bb1_2&#8243; _builder_version=\u00bb4.27.4&#8243; _module_preset=\u00bbdefault\u00bb global_colors_info=\u00bb{}\u00bb][et_pb_image src=\u00bbhttps:\/\/www.chb.cl\/sitio\/wp-content\/uploads\/2025\/03\/10.jpg\u00bb title_text=\u00bb10&#8243; align=\u00bbcenter\u00bb _builder_version=\u00bb4.27.4&#8243; _module_preset=\u00bbdefault\u00bb global_colors_info=\u00bb{}\u00bb][\/et_pb_image][\/et_pb_column][et_pb_column type=\u00bb1_2&#8243; _builder_version=\u00bb4.27.4&#8243; _module_preset=\u00bbdefault\u00bb global_colors_info=\u00bb{}\u00bb][et_pb_image src=\u00bbhttps:\/\/www.chb.cl\/sitio\/wp-content\/uploads\/2025\/03\/11.jpg\u00bb title_text=\u00bb11&#8243; align=\u00bbcenter\u00bb _builder_version=\u00bb4.27.4&#8243; _module_preset=\u00bbdefault\u00bb global_colors_info=\u00bb{}\u00bb][\/et_pb_image][\/et_pb_column][\/et_pb_row][et_pb_row _builder_version=\u00bb4.27.4&#8243; _module_preset=\u00bbdefault\u00bb global_colors_info=\u00bb{}\u00bb][et_pb_column type=\u00bb4_4&#8243; _builder_version=\u00bb4.27.4&#8243; _module_preset=\u00bbdefault\u00bb global_colors_info=\u00bb{}\u00bb][et_pb_text _builder_version=\u00bb4.27.4&#8243; _module_preset=\u00bbdefault\u00bb global_colors_info=\u00bb{}\u00bb]<\/p>\n<div style=\"text-align: justify;\">Es importante destacar que al sumar los resultados \u00absobrepeso\u00bb y \u00abobeso\u00bb en ense\u00f1anza media, se obtiene un total de 180 estudiantes, un poco menos de la mitad del total con peso y talla \u00abnormal\u00bb, por otro lado, al sumar los resultados \u00absobrepeso\u00bb y \u00abobeso\u00bb en la ense\u00f1anza media, se obtiene como resultado 162, cifra no muy alejada del rango \u00abnormal\u00bb; esto quiere decir:<\/div>\n<ul style=\"text-align: justify;\">\n<li><strong>Educaci\u00f3n Media:<\/strong>\u00a0Aproximadamente 29.95% de los estudiantes se encuentran en el rango de sobrepeso y obesidad.<\/li>\n<li><strong>Educaci\u00f3n B\u00e1sica:<\/strong>\u00a0Aproximadamente 45.38% de los estudiantes se encuentran en el rango de sobrepeso y obesidad.<\/li>\n<\/ul>\n<div>\n<p style=\"text-align: justify;\">\u00a0Aunque la cifra se encuentra por debajo del 60%, los resultados obtenidos no dejan de ser significativos, y es nuestra responsabilidad trabajar para que estas cifras contin\u00faen disminuyendo progresivamente.<\/p>\n<p style=\"text-align: justify;\"><strong>Beneficios de las Jornadas de Educaci\u00f3n F\u00edsica con Orientaci\u00f3n al Deporte Colectivo:<\/strong><\/p>\n<\/div>\n<p>[\/et_pb_text][et_pb_image src=\u00bbhttps:\/\/www.chb.cl\/sitio\/wp-content\/uploads\/2025\/03\/12.jpg\u00bb title_text=\u00bb12&#8243; align=\u00bbcenter\u00bb _builder_version=\u00bb4.27.4&#8243; _module_preset=\u00bbdefault\u00bb global_colors_info=\u00bb{}\u00bb][\/et_pb_image][et_pb_text _builder_version=\u00bb4.27.4&#8243; _module_preset=\u00bbdefault\u00bb global_colors_info=\u00bb{}\u00bb]<\/p>\n<p style=\"text-align: justify;\">Todo lo anteriormente descrito responde a la convicci\u00f3n de que la educaci\u00f3n no solo debe enfocarse en el desarrollo acad\u00e9mico, sino tambi\u00e9n en la formaci\u00f3n de h\u00e1bitos saludables que impactar\u00e1n positivamente en la calidad de vida de nuestros estudiantes a futuro. Estamos convencidos de que este trabajo contribuir\u00e1 a reducir los \u00edndices de sedentarismo y mejorar la salud de nuestra comunidad educativa; agradecemos de antemano, todo vuestro apoyo, as\u00ed como el refuerzo en casa de h\u00e1bitos saludables y actividad f\u00edsica; combatir el sedentarismo y la obesidad es una misi\u00f3n conjunta.<\/p>\n<p style=\"text-align: justify;\">Atentamente,<\/p>\n<p style=\"text-align: center;\"><strong>Jos\u00e9 Tellez Morales<\/strong><br \/>\n<strong>Director<\/strong><br \/>\n<strong>Colegio Hispano Brit\u00e1nico<\/strong><\/p>\n<p>[\/et_pb_text][\/et_pb_column][\/et_pb_row][et_pb_row _builder_version=\u00bb4.27.4&#8243; _module_preset=\u00bbdefault\u00bb global_colors_info=\u00bb{}\u00bb][et_pb_column type=\u00bb4_4&#8243; _builder_version=\u00bb4.27.4&#8243; _module_preset=\u00bbdefault\u00bb global_colors_info=\u00bb{}\u00bb][et_pb_text _builder_version=\u00bb4.27.4&#8243; _module_preset=\u00bbdefault\u00bb global_colors_info=\u00bb{}\u00bb]<\/p>\n<div style=\"text-align: justify;\"><strong>Fuentes consultadas:<\/strong><\/div>\n<ul>\n<li style=\"text-align: justify;\">Departamento de Educaci\u00f3n F\u00edsica y Salud Colegio Hispano Brit\u00e1nico (2024). Medici\u00f3n Peso y Talla.<\/li>\n<li style=\"text-align: justify;\">Diario UChile (2025). Informe advierte preocupante aumento de obesidad y sobrepeso en Chile. https:\/\/radio.uchile.cl\/2025\/03\/04\/informe-advierte-preocupante-aumento-de-obesidad-y-sobrepeso-en-chile<\/li>\n<li style=\"text-align: justify;\">Escalona, A. (SF). Obesidad y sedentarismo. https:\/\/www.clinicauandes.cl\/noticia\/obesidad-y-sedentarismo<\/li>\n<li style=\"text-align: justify;\">Gonz\u00e1lez, F. (2025). \u00a1Obesidad Infantil en Chile! Un Problema en Aumento que Exige Acci\u00f3n Urgente. https:\/\/doctorgonzalez.cl\/obesidad\/<\/li>\n<li style=\"text-align: justify;\">Laborde, A. (2025). Los chilenos son los m\u00e1s obesos de Sudam\u00e9rica. https:\/\/elpais.com\/chile\/2025-03-04\/los-chilenos-son-los-mas-obesos-de-sudamerica.html<\/li>\n<li style=\"text-align: justify;\">Organizaci\u00f3n Panamericana de la Salud (2024). En Chile OPS\/OMS participa de presentaci\u00f3n de la \u201cEstrategia Nacional para detener la aceleraci\u00f3n del sobrepeso y obesidad en la ni\u00f1ez y adolescencia\u201d 2023-2030. https:\/\/www.paho.org\/es\/noticias\/8-4-2024-chile-opsoms-participa-presentacion-estrategia-nacional-para-detener-aceleracion<\/li>\n<li style=\"text-align: justify;\">Universidad Cat\u00f3lica del Maule (2023). Para el 2035 la mitad del gasto que actualmente ocupa Chile en salud, ser\u00e1 s\u00f3lo para obesidad. https:\/\/portal.ucm.cl\/noticias\/2035-la-mitad-del-gasto-actualmente-ocupa-chile-salud-sera-solo-obesidad<\/li>\n<\/ul>\n<p>[\/et_pb_text][\/et_pb_column][\/et_pb_row][\/et_pb_section]<\/p>\n","protected":false},"excerpt":{"rendered":"<p>Estimada Comunidad Educativa Hispano Brit\u00e1nico: En el escenario actual, donde los \u00edndices de obesidad y sedentarismo infantil en Chile muestran una tendencia preocupante al alza, el Colegio Hispano Brit\u00e1nico ha [&hellip;]<\/p>\n","protected":false},"author":1,"featured_media":0,"comment_status":"closed","ping_status":"closed","sticky":false,"template":"","format":"standard","meta":{"_et_pb_use_builder":"on","_et_pb_old_content":"","_et_gb_content_width":"","footnotes":""},"categories":[96],"tags":[],"class_list":["post-38995","post","type-post","status-publish","format-standard","hentry","category-circulares2025"],"_links":{"self":[{"href":"https:\/\/www.chb.cl\/sitio\/wp-json\/wp\/v2\/posts\/38995","targetHints":{"allow":["GET"]}}],"collection":[{"href":"https:\/\/www.chb.cl\/sitio\/wp-json\/wp\/v2\/posts"}],"about":[{"href":"https:\/\/www.chb.cl\/sitio\/wp-json\/wp\/v2\/types\/post"}],"author":[{"embeddable":true,"href":"https:\/\/www.chb.cl\/sitio\/wp-json\/wp\/v2\/users\/1"}],"replies":[{"embeddable":true,"href":"https:\/\/www.chb.cl\/sitio\/wp-json\/wp\/v2\/comments?post=38995"}],"version-history":[{"count":0,"href":"https:\/\/www.chb.cl\/sitio\/wp-json\/wp\/v2\/posts\/38995\/revisions"}],"wp:attachment":[{"href":"https:\/\/www.chb.cl\/sitio\/wp-json\/wp\/v2\/media?parent=38995"}],"wp:term":[{"taxonomy":"category","embeddable":true,"href":"https:\/\/www.chb.cl\/sitio\/wp-json\/wp\/v2\/categories?post=38995"},{"taxonomy":"post_tag","embeddable":true,"href":"https:\/\/www.chb.cl\/sitio\/wp-json\/wp\/v2\/tags?post=38995"}],"curies":[{"name":"wp","href":"https:\/\/api.w.org\/{rel}","templated":true}]}}