{"id":39118,"date":"2025-04-01T11:40:03","date_gmt":"2025-04-01T14:40:03","guid":{"rendered":"https:\/\/www.chb.cl\/sitio\/?p=39118"},"modified":"2025-04-02T11:49:39","modified_gmt":"2025-04-02T14:49:39","slug":"nformacion-sobre-clases-de-historia-y-plan-de-recuperacion","status":"publish","type":"post","link":"https:\/\/www.chb.cl\/sitio\/nformacion-sobre-clases-de-historia-y-plan-de-recuperacion\/","title":{"rendered":"5\u00b0C y 6\u00b0s b\u00e1sicos &#8211; Informaci\u00f3n sobre Clases de Historia y Plan de Recuperaci\u00f3n"},"content":{"rendered":"<div>\n<p>Estimados apoderados de 6\u00b0s B\u00e1sicos y 5\u00b0 B\u00e1sico C:<\/p>\n<p>Esperando que se encuentren bien, me dirijo a ustedes para informarles sobre la situaci\u00f3n de la asignatura de Historia, la cual no ha tenido docente titular durante el \u00faltimo mes, y tambi\u00e9n compartir con ustedes que entendemos la preocupaci\u00f3n que esto ha generado y agradecemos su paciencia durante el proceso. Hoy, nos complace comunicar que hemos encontrado a la persona id\u00f3nea para asumir la asignatura, quien se ha incorporado a nuestra planta docente ayer 31 de marzo (profesora Marta Soto Rivas (<a href=\"mailto:msotor@chb.cl\" target=\"_blank\" rel=\"noopener\">msotor@chb.cl<\/a>).<\/p>\n<p>Para garantizar que los estudiantes puedan abordar los aprendizajes esenciales de 5\u00b0 y 6\u00b0 B\u00e1sico, desde hoy, se ha implementado un\u00a0<strong>plan de ejecuci\u00f3n del per\u00edodo de diagn\u00f3stico, el que no generar\u00e1 por ning\u00fan\u00a0motivo una<\/strong>\u00a0<strong>sobrecarga acad\u00e9mica<\/strong>\u00a0para nuestros estudiantes. Por lo anterior, tambi\u00e9n se dosificar\u00e1,\u00a0adecuadamente, el per\u00edodo de evaluaciones sumativas y formativas.<\/p>\n<p>Es importante se\u00f1alar que\u00a0<strong>no habr\u00e1 extensi\u00f3n del calendario escolar de finalizaci\u00f3n de semestre o del a\u00f1o lectivo (<\/strong>el primer\u00a0semestre en Historia se cerrar\u00e1, en la\u00a0<strong>segunda semana de agosto de acuerdo a lo permitido por Mineduc para estas situaciones relevantes)<\/strong>.<\/p>\n<p>Con respecto a la jefatura de curso, les informamos que el departamento de Orientaci\u00f3n acompa\u00f1ar\u00e1 a la docente mientras dure el periodo de conocimiento del curso y de los apoderados.<\/p>\n<p>Con lo anteriormente expuesto, se pretende asegurar una transici\u00f3n organizada y efectiva de conocimientos en la asignatura, priorizando la calidad del aprendizaje de todos nuestros estudiantes.<\/p>\n<p>Agradecemos vuestro comprensi\u00f3n y compromiso en este proceso. Seguiremos trabajando para fortalecer nuestros tiempos de respuesta y garantizar la continuidad del proceso educativo de manera oportuna y eficiente.<\/p>\n<p>Les saluda atentamente,<\/p>\n<\/div>\n<div><strong>Jessica Pe\u00f1ailillo Leiva<\/strong><br \/>\n<strong>Jefe Unidad T\u00e9cnico Pedag\u00f3gica Ed. B\u00e1sica<\/strong><\/div>\n","protected":false},"excerpt":{"rendered":"<p>Estimados apoderados de 6\u00b0s B\u00e1sicos y 5\u00b0 B\u00e1sico C: Esperando que se encuentren bien, me dirijo a ustedes para informarles sobre la situaci\u00f3n de la asignatura de Historia, la cual [&hellip;]<\/p>\n","protected":false},"author":1,"featured_media":0,"comment_status":"closed","ping_status":"closed","sticky":false,"template":"","format":"standard","meta":{"_et_pb_use_builder":"","_et_pb_old_content":"","_et_gb_content_width":"","footnotes":""},"categories":[96],"tags":[],"class_list":["post-39118","post","type-post","status-publish","format-standard","hentry","category-circulares2025"],"_links":{"self":[{"href":"https:\/\/www.chb.cl\/sitio\/wp-json\/wp\/v2\/posts\/39118","targetHints":{"allow":["GET"]}}],"collection":[{"href":"https:\/\/www.chb.cl\/sitio\/wp-json\/wp\/v2\/posts"}],"about":[{"href":"https:\/\/www.chb.cl\/sitio\/wp-json\/wp\/v2\/types\/post"}],"author":[{"embeddable":true,"href":"https:\/\/www.chb.cl\/sitio\/wp-json\/wp\/v2\/users\/1"}],"replies":[{"embeddable":true,"href":"https:\/\/www.chb.cl\/sitio\/wp-json\/wp\/v2\/comments?post=39118"}],"version-history":[{"count":0,"href":"https:\/\/www.chb.cl\/sitio\/wp-json\/wp\/v2\/posts\/39118\/revisions"}],"wp:attachment":[{"href":"https:\/\/www.chb.cl\/sitio\/wp-json\/wp\/v2\/media?parent=39118"}],"wp:term":[{"taxonomy":"category","embeddable":true,"href":"https:\/\/www.chb.cl\/sitio\/wp-json\/wp\/v2\/categories?post=39118"},{"taxonomy":"post_tag","embeddable":true,"href":"https:\/\/www.chb.cl\/sitio\/wp-json\/wp\/v2\/tags?post=39118"}],"curies":[{"name":"wp","href":"https:\/\/api.w.org\/{rel}","templated":true}]}}