{"id":40089,"date":"2025-04-14T11:37:49","date_gmt":"2025-04-14T14:37:49","guid":{"rendered":"https:\/\/www.chb.cl\/sitio\/?p=40089"},"modified":"2025-04-15T11:38:25","modified_gmt":"2025-04-15T14:38:25","slug":"6-basico-a-incorporacion-del-nuevo-profesor-de-historia-y-geografia-y-jefatura-de-curso","status":"publish","type":"post","link":"https:\/\/www.chb.cl\/sitio\/6-basico-a-incorporacion-del-nuevo-profesor-de-historia-y-geografia-y-jefatura-de-curso\/","title":{"rendered":"6\u00b0 B\u00e1sico A &#8211; Incorporaci\u00f3n del nuevo profesor de Historia y Geograf\u00eda y Jefatura de curso"},"content":{"rendered":"<div><strong>Estimados apoderados de 6\u00b0 B\u00e1sico A<\/strong>:<\/p>\n<p>Esperando que se encuentren bien, me dirijo a ustedes para informarles sobre la situaci\u00f3n actual de la asignatura de\u00a0<strong>Historia y Geograf\u00eda<\/strong>, la cual no hab\u00eda contado con un docente titular durante las \u00faltimas semanas. Comprendemos plenamente la inquietud que esto gener\u00f3 en ustedes y en nuestros estudiantes, y agradecemos sinceramente su paciencia y comprensi\u00f3n durante este proceso de transici\u00f3n.<\/p>\n<p>En esta instancia, me complace comunicar que a contar del d\u00eda\u00a0<strong>lunes 14 de abril<\/strong>, se ha incorporado oficialmente al equipo docente el profesor\u00a0<strong>Mauricio Valjalo Medina<\/strong>, quien asumir\u00e1 la asignatura de Historia para los niveles antes mencionados. El profesor cuenta con vasta experiencia en dicha \u00e1rea pedag\u00f3gica y ha iniciado ya su proceso de integraci\u00f3n con los equipos acad\u00e9micos correspondientes.<\/p>\n<p>En cuanto al desarrollo curricular, continuar\u00e1 trabajando en l\u00ednea con el\u00a0<strong>plan de recuperaci\u00f3n previamente definido para la Unidad 1<\/strong>, de modo de asegurar la nivelaci\u00f3n de contenidos clave y la adecuada progresi\u00f3n de los aprendizajes. Es importante se\u00f1alar que este proceso no implica una sobrecarga acad\u00e9mica para los estudiantes, ya que se han tomado los resguardos necesarios en la dosificaci\u00f3n de contenidos y evaluaciones.<\/p>\n<p>Con respecto a la jefatura de curso, el profesor estar\u00e1 acompa\u00f1ado, durante las 2 primeras semanas de su gesti\u00f3n, por nuestra orientadora P\u00eda Luna, correo es\u00a0<strong>pluna@chb.cl<\/strong><\/p>\n<p>Para cualquier consulta o comunicaci\u00f3n directa, podr\u00e1n escribirle a su correo institucional:\u00a0<strong>mvaljalo@chb.cl<\/strong>.<\/p>\n<p>Finalmente, reiteramos que no se contempla una extensi\u00f3n del calendario escolar. De acuerdo con lo permitido por el Ministerio de Educaci\u00f3n para estos casos, el\u00a0<strong>primer semestre en la asignatura de Historia se cerrar\u00e1 durante la segunda semana de agosto<\/strong>.<\/p>\n<p>Agradecemos, como siempre, su compromiso y colaboraci\u00f3n. Seguiremos trabajando de manera proactiva para fortalecer nuestros tiempos de respuesta y asegurar la continuidad del proceso educativo con calidad y sentido de responsabilidad.<\/p>\n<p>Atentamente,\n<\/p><\/div>\n<div><strong>Jessica Pe\u00f1ailillo L.<br \/>\nJefe UTP E.B\u00e1sica<\/strong><\/div>\n","protected":false},"excerpt":{"rendered":"<p>Estimados apoderados de 6\u00b0 B\u00e1sico A: Esperando que se encuentren bien, me dirijo a ustedes para informarles sobre la situaci\u00f3n actual de la asignatura de\u00a0Historia y Geograf\u00eda, la cual no [&hellip;]<\/p>\n","protected":false},"author":1,"featured_media":0,"comment_status":"closed","ping_status":"closed","sticky":false,"template":"","format":"standard","meta":{"_et_pb_use_builder":"","_et_pb_old_content":"","_et_gb_content_width":"","footnotes":""},"categories":[96],"tags":[],"class_list":["post-40089","post","type-post","status-publish","format-standard","hentry","category-circulares2025"],"_links":{"self":[{"href":"https:\/\/www.chb.cl\/sitio\/wp-json\/wp\/v2\/posts\/40089","targetHints":{"allow":["GET"]}}],"collection":[{"href":"https:\/\/www.chb.cl\/sitio\/wp-json\/wp\/v2\/posts"}],"about":[{"href":"https:\/\/www.chb.cl\/sitio\/wp-json\/wp\/v2\/types\/post"}],"author":[{"embeddable":true,"href":"https:\/\/www.chb.cl\/sitio\/wp-json\/wp\/v2\/users\/1"}],"replies":[{"embeddable":true,"href":"https:\/\/www.chb.cl\/sitio\/wp-json\/wp\/v2\/comments?post=40089"}],"version-history":[{"count":0,"href":"https:\/\/www.chb.cl\/sitio\/wp-json\/wp\/v2\/posts\/40089\/revisions"}],"wp:attachment":[{"href":"https:\/\/www.chb.cl\/sitio\/wp-json\/wp\/v2\/media?parent=40089"}],"wp:term":[{"taxonomy":"category","embeddable":true,"href":"https:\/\/www.chb.cl\/sitio\/wp-json\/wp\/v2\/categories?post=40089"},{"taxonomy":"post_tag","embeddable":true,"href":"https:\/\/www.chb.cl\/sitio\/wp-json\/wp\/v2\/tags?post=40089"}],"curies":[{"name":"wp","href":"https:\/\/api.w.org\/{rel}","templated":true}]}}