{"id":40099,"date":"2025-04-15T15:50:44","date_gmt":"2025-04-15T18:50:44","guid":{"rendered":"https:\/\/www.chb.cl\/sitio\/?p=40099"},"modified":"2025-04-15T15:51:57","modified_gmt":"2025-04-15T18:51:57","slug":"campana-de-vacunacion-contra-la-influenza-2025","status":"publish","type":"post","link":"https:\/\/www.chb.cl\/sitio\/campana-de-vacunacion-contra-la-influenza-2025\/","title":{"rendered":"1\u00b0 a 5\u00b0 B\u00e1sico &#8211; Campa\u00f1a de Vacunaci\u00f3n contra la Influenza 2025"},"content":{"rendered":"<table class=\"mcnTextBlock\" border=\"0\" width=\"100%\" cellspacing=\"0\" cellpadding=\"0\">\n<tbody class=\"mcnTextBlockOuter\">\n<tr>\n<td class=\"mcnTextBlockInner\" valign=\"top\">\n<table class=\"mcnTextContentContainer\" border=\"0\" width=\"100%\" cellspacing=\"0\" cellpadding=\"0\" align=\"left\">\n<tbody>\n<tr>\n<td class=\"mcnTextContent\" valign=\"top\">\n<div>\n<p>Estimados Padres, Madres y Apoderados de primero a quinto b\u00e1sico:<\/p>\n<p>A trav\u00e9s de la presente, informamos a ustedes que, los d\u00edas lunes 21 y martes 22 de abril, el personal del CESFAM SUR visitar\u00e1 nuestro Colegio para desarrollar la campa\u00f1a de\u00a0<strong>Vacunaci\u00f3n contra la Influenza 2025,\u00a0<\/strong>la cual est\u00e1 dirigida a los alumnos correspondientes a los niveles de 1\u00b0 a 5\u00b0 a\u00f1o b\u00e1sico, bajo el siguiente detalle:<\/p>\n<\/div>\n<table border=\"1\" width=\"593\" cellspacing=\"0\" cellpadding=\"0\">\n<tbody>\n<tr>\n<td><strong>Fecha<\/strong><\/td>\n<td><strong>Grupos:<\/strong><\/td>\n<td><strong>Horario:<\/strong><\/td>\n<\/tr>\n<tr>\n<td>lunes 21 de abril<\/td>\n<td>Estudiantes de 1\u00b0 a 3\u00b0 b\u00e1sico<\/td>\n<td>9.00 hrs<\/td>\n<\/tr>\n<tr>\n<td>Martes 22 de abril<\/td>\n<td>Estudiante de 4\u00b0 y 5\u00b0 b\u00e1sico<\/td>\n<td>9.00 hrs<\/td>\n<\/tr>\n<\/tbody>\n<\/table>\n<div><strong><em>Nota<\/em><\/strong><em>: Es importante se\u00f1alar que, en caso de no alcanzar a vacunar un curso determinado, se continuar\u00e1 en la jornada siguiente. Del mismo modo, si existen estudiantes rezagados, se fijar\u00e1n nuevas fechas de vacunaci\u00f3n, las cuales ser\u00e1n debidamente informadas.<\/em><strong><u>IMPORTANTE<\/u>:<\/strong><\/p>\n<\/div>\n<ul>\n<li>Esta es una medida instruida por la autoridad de Salud P\u00fablica y su aplicaci\u00f3n actual tiene car\u00e1cter de\u00a0<strong><u>OBLIGATORIO<\/u>, por lo que NO REQUIERE la autorizaci\u00f3n de consentimiento informado de los padres y\/o apoderados, en conformidad con lo establecido en el art\u00edculo N\u00ba32 del C\u00f3digo Sanitario; del decreto N.\u00ba 68 que modifica el exento N\u00b050 a partir de diciembre del 2021.<\/strong><\/li>\n<li><strong>De acuerdo al punto antes descrito, se indica que todo estudiante de los niveles de 1\u00b0 a 5\u00b0 b\u00e1sico que asista al establecimiento en los d\u00edas se\u00f1alados ser\u00e1 vacunado. Exceptuando aquellos estudiantes que tengan alguna contraindicaci\u00f3n m\u00e9dica debidamente informada y respaldada.<\/strong><\/li>\n<li><strong>Si existieran apoderados\/as que rechacen la vacunaci\u00f3n, estos deben hacerlo en forma presencial (<u>No por correo<\/u>) en el vacunatorio del Centro de Salud o el mismo d\u00eda de la vacunaci\u00f3n en el Establecimiento Educacional,<\/strong>\u00a0donde se les realizar\u00e1 una consejer\u00eda breve y deber\u00e1n firmar el documento habilitado por el Ministerio de Salud para dicho fin.<\/li>\n<li>Por otro lado, se solicita que los estudiantes que ya cumplieron con su proceso de vacunaci\u00f3n contra Influenza 2025, en lo posible, puedan asistir con documento de respaldo o, en su defecto, enviar el documento v\u00eda correo al inspector correspondiente seg\u00fan nivel:\n<ul>\n<li>1\u00b0 y 2\u00b0 b\u00e1sico, insp. Alejandra L\u00f3pez (<a href=\"mailto:alopez@chb.cl\">alopez@chb.cl<\/a>)<\/li>\n<li>3\u00b0 y 4\u00b0 b\u00e1sico, insp. Priscila Jaque (<a href=\"mailto:pjaque@chb.cl\">pjaque@chb.cl<\/a>)<\/li>\n<li>5\u00b0 b\u00e1sico, insp. Dallana Cort\u00e9s (<a href=\"mailto:dcortes@chb.cl\">dcortes@chb.cl<\/a>)<\/li>\n<\/ul>\n<\/li>\n<\/ul>\n<div>Se adjunta carta informativa para apoderados.Atentamente.<\/p>\n<\/div>\n<div><strong>Alejandro Carrillo N\u00fa\u00f1ez<br \/>\nInspector General<br \/>\nColegio Hispano Brit\u00e1nico<\/strong><\/div>\n<\/td>\n<\/tr>\n<\/tbody>\n<\/table>\n<\/td>\n<\/tr>\n<\/tbody>\n<\/table>\n<table class=\"mcnButtonBlock\" border=\"0\" width=\"100%\" cellspacing=\"0\" cellpadding=\"0\">\n<tbody class=\"mcnButtonBlockOuter\">\n<tr>\n<td class=\"mcnButtonBlockInner\" align=\"center\" valign=\"top\">\n<table class=\"mcnButtonContentContainer\" border=\"0\" cellspacing=\"0\" cellpadding=\"0\">\n<tbody>\n<tr>\n<td class=\"mcnButtonContent\" align=\"center\" valign=\"middle\">\n<h2><a class=\"mcnButton \" title=\"\ud83d\udcdd Carta apoderados o tutores - Estrategias de vacunacion 2025\" href=\"https:\/\/www.chb.cl\/sitio\/wp-content\/uploads\/2025\/04\/Carta-apoderados-o-tutores-Estrategias-de-vacunacion-2025.pdf\" target=\"_blank\" rel=\"noopener\">\ud83d\udcdd Carta apoderados o tutores &#8211; Estrategias de vacunacion 2025<\/a><\/h2>\n<\/td>\n<\/tr>\n<\/tbody>\n<\/table>\n<\/td>\n<\/tr>\n<\/tbody>\n<\/table>\n<table class=\"mcnButtonBlock\" border=\"0\" width=\"100%\" cellspacing=\"0\" cellpadding=\"0\">\n<tbody class=\"mcnButtonBlockOuter\">\n<tr>\n<td class=\"mcnButtonBlockInner\" align=\"center\" valign=\"top\">\n<table class=\"mcnButtonContentContainer\" border=\"0\" cellspacing=\"0\" cellpadding=\"0\">\n<tbody>\n<tr>\n<td class=\"mcnButtonContent\" align=\"center\" valign=\"middle\">\n<h2><a class=\"mcnButton \" title=\"\u26a0\ufe0f Decreto Exento N\u00b04 - Vacunaci\u00f3n Influenza 2025\" href=\"https:\/\/www.chb.cl\/sitio\/wp-content\/uploads\/2025\/04\/DECRETO-EXENTO-N%C2%B0-4-vacunacion-influenza-2025.pdf\" target=\"_blank\" rel=\"noopener\">\u26a0\ufe0f Decreto Exento N\u00b04 &#8211; Vacunaci\u00f3n Influenza 2025<\/a><\/h2>\n<\/td>\n<\/tr>\n<\/tbody>\n<\/table>\n<\/td>\n<\/tr>\n<\/tbody>\n<\/table>\n<table class=\"mcnDividerBlock\" border=\"0\" width=\"100%\" cellspacing=\"0\" cellpadding=\"0\">\n<tbody class=\"mcnDividerBlockOuter\">\n<tr>\n<td class=\"mcnDividerBlockInner\">\n<table class=\"mcnDividerContent\" border=\"0\" width=\"100%\" cellspacing=\"0\" cellpadding=\"0\">\n<tbody>\n<tr>\n<td><\/td>\n<\/tr>\n<\/tbody>\n<\/table>\n<\/td>\n<\/tr>\n<\/tbody>\n<\/table>\n","protected":false},"excerpt":{"rendered":"<p>Estimados Padres, Madres y Apoderados de primero a quinto b\u00e1sico: A trav\u00e9s de la presente, informamos a ustedes que, los d\u00edas lunes 21 y martes 22 de abril, el personal [&hellip;]<\/p>\n","protected":false},"author":1,"featured_media":0,"comment_status":"closed","ping_status":"closed","sticky":false,"template":"","format":"standard","meta":{"_et_pb_use_builder":"","_et_pb_old_content":"","_et_gb_content_width":"","footnotes":""},"categories":[96],"tags":[],"class_list":["post-40099","post","type-post","status-publish","format-standard","hentry","category-circulares2025"],"_links":{"self":[{"href":"https:\/\/www.chb.cl\/sitio\/wp-json\/wp\/v2\/posts\/40099","targetHints":{"allow":["GET"]}}],"collection":[{"href":"https:\/\/www.chb.cl\/sitio\/wp-json\/wp\/v2\/posts"}],"about":[{"href":"https:\/\/www.chb.cl\/sitio\/wp-json\/wp\/v2\/types\/post"}],"author":[{"embeddable":true,"href":"https:\/\/www.chb.cl\/sitio\/wp-json\/wp\/v2\/users\/1"}],"replies":[{"embeddable":true,"href":"https:\/\/www.chb.cl\/sitio\/wp-json\/wp\/v2\/comments?post=40099"}],"version-history":[{"count":0,"href":"https:\/\/www.chb.cl\/sitio\/wp-json\/wp\/v2\/posts\/40099\/revisions"}],"wp:attachment":[{"href":"https:\/\/www.chb.cl\/sitio\/wp-json\/wp\/v2\/media?parent=40099"}],"wp:term":[{"taxonomy":"category","embeddable":true,"href":"https:\/\/www.chb.cl\/sitio\/wp-json\/wp\/v2\/categories?post=40099"},{"taxonomy":"post_tag","embeddable":true,"href":"https:\/\/www.chb.cl\/sitio\/wp-json\/wp\/v2\/tags?post=40099"}],"curies":[{"name":"wp","href":"https:\/\/api.w.org\/{rel}","templated":true}]}}