{"id":40272,"date":"2025-04-17T17:03:54","date_gmt":"2025-04-17T20:03:54","guid":{"rendered":"https:\/\/www.chb.cl\/sitio\/?p=40272"},"modified":"2025-04-17T17:06:00","modified_gmt":"2025-04-17T20:06:00","slug":"actividades-para-celebrar-el-dia-internacional-del-libro-y-el-derecho-de-autor-2","status":"publish","type":"post","link":"https:\/\/www.chb.cl\/sitio\/actividades-para-celebrar-el-dia-internacional-del-libro-y-el-derecho-de-autor-2\/","title":{"rendered":"7\u00b0 a 4\u00b0medios &#8211; Actividades para celebrar el D\u00eda Internacional del Libro y el Derecho de Autor"},"content":{"rendered":"<div>\n<p>Estimados padres, madres y apoderados del Colegio Hispano Brit\u00e1nico<em>:<\/em><\/p>\n<p>Nos complace informarles de las actividades para celebrar el D\u00eda Internacional del Libro y el Derecho de Autor, el pr\u00f3ximo mi\u00e9rcoles 23 de abril. Esta jornada busca fomentar el amor por la lectura, el trabajo en equipo y la creatividad de nuestros estudiantes.<\/p>\n<p><strong>1. Chocolate Literario<\/strong><br \/>\nIniciaremos la jornada con un desayuno literario, donde los estudiantes reflexionar\u00e1n sobre un cortometraje relacionado con la literatura.<br \/>\nSolicitamos su colaboraci\u00f3n enviando para sus hijos\/as:<\/p>\n<\/div>\n<ul>\n<li>Un chocolate caliente personal, leche chocolatada\u00a0 o la bebida de preferencia.<\/li>\n<li>Un comestible (s\u00e1ndwich, fruta o cereal)<\/li>\n<\/ul>\n<div>\n<p>Adem\u00e1s, los invitamos a escribir un breve mensaje sobre la importancia de la lectura (ej: \u00abUn libro es un regalo que puedes abrir una y otra vez\u00bb), que ser\u00e1 compartido durante la actividad.<\/p>\n<p><strong>2. Comic Con Literaria<\/strong><br \/>\nTodo el CHB, educaci\u00f3n b\u00e1sica y media, presentar\u00e1 sus proyectos literarios de manera simult\u00e1nea para celebrar este D\u00eda del Libro con una feria literaria al estilo de la Comic Con. Cada nivel har\u00e1 una muestra grupal que desafiar\u00e1 las habilidades lectoras del p\u00fablico, utilizando como base su lectura mensual para trabajar las principales habilidades lectoras: localizar, interpretar y evaluar. Contamos con su apoyo para llevar a cabo esta actividad donde cada curso de ense\u00f1anza media deber\u00e1 contar con:<\/p>\n<\/div>\n<ul>\n<li>2 toldos de 3&#215;3<\/li>\n<li>Tela o cierre para los toldos<\/li>\n<li>Dos manteles grandes<\/li>\n<li>2 mesas plegables<\/li>\n<li>1 parlante<\/li>\n<li>1 micr\u00f3fono<\/li>\n<li>Alargadores<\/li>\n<\/ul>\n<div><strong>4. Disfraz literario<\/strong><br \/>\nLos estudiantes podr\u00e1n asistir con un atuendo o disfraz inspirado en un personaje literario o de c\u00f3mic (ej.: Harry Potter, Mafalda, Superman, Matilda, etc.). Como motivaci\u00f3n, los estudiantes que participen recibir\u00e1n d\u00e9cimas adicionales en una evaluaci\u00f3n de Lengua y Literatura, para premiar su compromiso con la actividad.<br \/>\n<strong><u>Importante:<\/u><\/strong><\/div>\n<ul>\n<li>Esta actividad\u00a0<strong>no es obligatoria<\/strong>. Queremos invitar a sumarse a esta experiencia, valorando desde nuestra asignatura el esfuerzo de participar.<\/li>\n<li><strong>Se encuentran prohibidos los disfraces que no se adec\u00faen al contexto escolar<\/strong>, vale decir, ofensivos y\/o expl\u00edcitos. Asimismo, prendas cortas, ce\u00f1idas y\/o escotadas tanto en damas como en varones que no se ajusten al manual de convivencia y RICE ser\u00e1n rechazadas y deber\u00e1n volver a su uniforme cotidiano.<\/li>\n<\/ul>\n<div><strong>5. Venta de libros de segunda mano<\/strong><br \/>\nAl costado de cada stand de curso se podr\u00e1 implementar un espacio peque\u00f1o para la venta de libros usados. Cada directiva de curso debe definir la forma de recaudaci\u00f3n previo al d\u00eda 23 de abril, para evitar confusiones. Para participar de la venta, deben tener un inventario de los libros y el precio de cada uno. Considerar traer cajas para poner los textos a la venta. Deber\u00e1n tomar el rol de vendedores por turnos.Agradecemos de antemano su cooperaci\u00f3n en esta fiesta de la literatura, que sin duda har\u00e1 de esta una jornada inolvidable para toda nuestra comunidad educativa.<\/p>\n<p>Saluda atentamente,<\/p>\n<\/div>\n<div><strong>Departamento de Lengua y Literatura<\/strong><br \/>\n<strong>Colegio Hispano Brit\u00e1nico<\/strong><\/div>\n","protected":false},"excerpt":{"rendered":"<p>Estimados padres, madres y apoderados del Colegio Hispano Brit\u00e1nico: Nos complace informarles de las actividades para celebrar el D\u00eda Internacional del Libro y el Derecho de Autor, el pr\u00f3ximo mi\u00e9rcoles [&hellip;]<\/p>\n","protected":false},"author":1,"featured_media":0,"comment_status":"closed","ping_status":"closed","sticky":false,"template":"","format":"standard","meta":{"_et_pb_use_builder":"","_et_pb_old_content":"","_et_gb_content_width":"","footnotes":""},"categories":[96],"tags":[],"class_list":["post-40272","post","type-post","status-publish","format-standard","hentry","category-circulares2025"],"_links":{"self":[{"href":"https:\/\/www.chb.cl\/sitio\/wp-json\/wp\/v2\/posts\/40272","targetHints":{"allow":["GET"]}}],"collection":[{"href":"https:\/\/www.chb.cl\/sitio\/wp-json\/wp\/v2\/posts"}],"about":[{"href":"https:\/\/www.chb.cl\/sitio\/wp-json\/wp\/v2\/types\/post"}],"author":[{"embeddable":true,"href":"https:\/\/www.chb.cl\/sitio\/wp-json\/wp\/v2\/users\/1"}],"replies":[{"embeddable":true,"href":"https:\/\/www.chb.cl\/sitio\/wp-json\/wp\/v2\/comments?post=40272"}],"version-history":[{"count":0,"href":"https:\/\/www.chb.cl\/sitio\/wp-json\/wp\/v2\/posts\/40272\/revisions"}],"wp:attachment":[{"href":"https:\/\/www.chb.cl\/sitio\/wp-json\/wp\/v2\/media?parent=40272"}],"wp:term":[{"taxonomy":"category","embeddable":true,"href":"https:\/\/www.chb.cl\/sitio\/wp-json\/wp\/v2\/categories?post=40272"},{"taxonomy":"post_tag","embeddable":true,"href":"https:\/\/www.chb.cl\/sitio\/wp-json\/wp\/v2\/tags?post=40272"}],"curies":[{"name":"wp","href":"https:\/\/api.w.org\/{rel}","templated":true}]}}