{"id":40936,"date":"2025-04-24T11:06:24","date_gmt":"2025-04-24T14:06:24","guid":{"rendered":"https:\/\/www.chb.cl\/sitio\/?p=40936"},"modified":"2025-04-29T11:06:41","modified_gmt":"2025-04-29T14:06:41","slug":"dia-del-trabajador-y-trabajadora-2","status":"publish","type":"post","link":"https:\/\/www.chb.cl\/sitio\/dia-del-trabajador-y-trabajadora-2\/","title":{"rendered":"D\u00eda del Trabajador y Trabajadora"},"content":{"rendered":"<div>Estimados Padres, Madres y Apoderados:<\/p>\n<p>A trav\u00e9s de la presente, se informa que con motivo de la conmemoraci\u00f3n del\u00a0<em>\u201cD\u00eda del trabajador y trabajadora\u201d<\/em>, el establecimiento realizar\u00e1 en esta significativa fecha una jornada de autocuidado y reflexi\u00f3n para el equipo docente, asistentes de la educaci\u00f3n, personal administrativo y de operaciones.<\/p>\n<p>Por tal motivo, el pr\u00f3ximo\u00a0<strong>mi\u00e9rcoles 30 de abril<\/strong>, la jornada de clases finalizar\u00e1 en los siguientes horarios:\n<\/div>\n<table border=\"1\" width=\"602\" cellspacing=\"0\" cellpadding=\"0\">\n<tbody>\n<tr>\n<td><strong>CURSO<\/strong><\/td>\n<td><strong>SALIDA<\/strong><\/td>\n<\/tr>\n<tr>\n<td>\n<strong>1\u00b0 y 2\u00b0 B\u00c1SICO<\/strong><\/td>\n<td>12.00 hrs<br \/>\nSalida Ens. B\u00e1sica<br \/>\nCalle Balmaceda<\/td>\n<\/tr>\n<tr>\n<td>\n<strong>3\u00b0 y 4\u00b0 B\u00c1SICO<\/strong><\/td>\n<td>12.30 hrs<br \/>\nSalida Ens. B\u00e1sica<br \/>\nCalle Balmaceda<\/td>\n<\/tr>\n<tr>\n<td>\n<strong>5\u00b0 y 6\u00b0 B\u00c1SICO<\/strong><\/td>\n<td>12.30 hrs<br \/>\nSalida Ens. Media<br \/>\nCalle S. Allende<\/td>\n<\/tr>\n<tr>\n<td><strong>ED. MEDIA<\/strong><br \/>\n<strong>7\u00b0 B\u00c1SICO A IV\u00b0 MEDIO<\/strong><\/td>\n<td>13.00 hrs<br \/>\nSalida Ens. Media<br \/>\nCalle S. Allende<\/td>\n<\/tr>\n<\/tbody>\n<\/table>\n<div>\n<strong><u>Importante:<\/u><\/strong><\/div>\n<ul>\n<li>El d\u00eda mi\u00e9rcoles 30 de abril,\u00a0<strong>se suspenden las clases deportivas y tutor\u00edas de la jornada de tarde<\/strong>. Las actividades contin\u00faan con normalidad desde el d\u00eda lunes 05 de mayo.<\/li>\n<li>Del mismo modo, se recuerda fecha informada en reuni\u00f3n de apoderados:<\/li>\n<li><strong>02 de mayo:\u00a0<\/strong>D\u00eda sin clases con recuperaci\u00f3n.<\/li>\n<\/ul>\n<div>\nDe antemano agradecemos su comprensi\u00f3n.<br \/>\nAtentamente.\n<\/div>\n<div><strong>INSPECTOR\u00cdA GENERAL<br \/>\nColegio Hispano Brit\u00e1nico<\/strong><\/div>\n","protected":false},"excerpt":{"rendered":"<p>Estimados Padres, Madres y Apoderados: A trav\u00e9s de la presente, se informa que con motivo de la conmemoraci\u00f3n del\u00a0\u201cD\u00eda del trabajador y trabajadora\u201d, el establecimiento realizar\u00e1 en esta significativa fecha [&hellip;]<\/p>\n","protected":false},"author":1,"featured_media":0,"comment_status":"closed","ping_status":"closed","sticky":false,"template":"","format":"standard","meta":{"_et_pb_use_builder":"","_et_pb_old_content":"","_et_gb_content_width":"","footnotes":""},"categories":[96],"tags":[],"class_list":["post-40936","post","type-post","status-publish","format-standard","hentry","category-circulares2025"],"_links":{"self":[{"href":"https:\/\/www.chb.cl\/sitio\/wp-json\/wp\/v2\/posts\/40936","targetHints":{"allow":["GET"]}}],"collection":[{"href":"https:\/\/www.chb.cl\/sitio\/wp-json\/wp\/v2\/posts"}],"about":[{"href":"https:\/\/www.chb.cl\/sitio\/wp-json\/wp\/v2\/types\/post"}],"author":[{"embeddable":true,"href":"https:\/\/www.chb.cl\/sitio\/wp-json\/wp\/v2\/users\/1"}],"replies":[{"embeddable":true,"href":"https:\/\/www.chb.cl\/sitio\/wp-json\/wp\/v2\/comments?post=40936"}],"version-history":[{"count":0,"href":"https:\/\/www.chb.cl\/sitio\/wp-json\/wp\/v2\/posts\/40936\/revisions"}],"wp:attachment":[{"href":"https:\/\/www.chb.cl\/sitio\/wp-json\/wp\/v2\/media?parent=40936"}],"wp:term":[{"taxonomy":"category","embeddable":true,"href":"https:\/\/www.chb.cl\/sitio\/wp-json\/wp\/v2\/categories?post=40936"},{"taxonomy":"post_tag","embeddable":true,"href":"https:\/\/www.chb.cl\/sitio\/wp-json\/wp\/v2\/tags?post=40936"}],"curies":[{"name":"wp","href":"https:\/\/api.w.org\/{rel}","templated":true}]}}