{"id":41132,"date":"2025-05-02T13:04:31","date_gmt":"2025-05-02T16:04:31","guid":{"rendered":"https:\/\/www.chb.cl\/sitio\/?p=41132"},"modified":"2025-05-06T13:04:49","modified_gmt":"2025-05-06T16:04:49","slug":"recordatorio-sobre-acciones-preventivas-ante-virus-respiratorios-2","status":"publish","type":"post","link":"https:\/\/www.chb.cl\/sitio\/recordatorio-sobre-acciones-preventivas-ante-virus-respiratorios-2\/","title":{"rendered":"Recordatorio sobre acciones preventivas ante Virus Respiratorios"},"content":{"rendered":"<div>Estimada Comunidad Educativa Hispano Brit\u00e1nico:<\/p>\n<p>Se acerca el invierno y en nuestra ciudad ya se observa un notable cambio de clima y bajas temperaturas, lo que se puede apreciar en el alza de cuadros respiratorios en ni\u00f1os. En esta \u00e9poca del a\u00f1o, el aumento de virus respiratorios (como resfr\u00edos, gripe, bronquitis o neumon\u00eda) hace necesario reforzar las medidas de prevenci\u00f3n, por lo que solicitamos a las familias:<\/p><\/div>\n<ul>\n<li>Enviar a su hijo\/a con mascarilla si presenta s\u00edntomas leves.<\/li>\n<li>No enviar al Colegio a estudiantes con s\u00edntomas respiratorios (fiebre, tos, dolor muscular, malestar general). Recordar que toda inasistencia debe ser justificada a trav\u00e9s de un certificado m\u00e9dico y\/o correo electr\u00f3nico a inspector\u00eda del nivel, seg\u00fan corresponda:<\/li>\n<\/ul>\n<ol>\n<li><em>Estudiantes de Ed. B\u00e1sica:\u00a0 \u00a0<\/em>\u00a0\u00a0 \u00a0 \u00a0 \u00a0 \u00a0 \u00a0 \u00a0\u00a0<em>\u00a0justificaciones.basica@chb.cl<\/em><\/li>\n<li><em>Estudiantes de Ed. Media: \u00a0<\/em>\u00a0\u00a0 \u00a0 \u00a0 \u00a0 \u00a0 \u00a0 \u00a0 \u00a0\u00a0<em>\u00a0justificaciones.media@chb.cl<\/em><\/li>\n<\/ol>\n<ul>\n<li>Consultar a un m\u00e9dico ante sospechas de contagio.<\/li>\n<\/ul>\n<div>El equipo de primeros auxilios contactar\u00e1 a los apoderados si un estudiante presenta fiebre o malestar evidente, para coordinar su retiro.<\/p>\n<p>Se solicita su colaboraci\u00f3n para mantener un entorno saludable para todos nuestros estudiantes, sus familias y comunidad educativa.<\/p>\n<p>Atentamente,<\/p>\n<\/div>\n<div><strong>Inspector\u00eda\u00a0General<br \/>\nColegio Hispano Brit\u00e1nico<\/strong><\/div>\n","protected":false},"excerpt":{"rendered":"<p>Estimada Comunidad Educativa Hispano Brit\u00e1nico: Se acerca el invierno y en nuestra ciudad ya se observa un notable cambio de clima y bajas temperaturas, lo que se puede apreciar en [&hellip;]<\/p>\n","protected":false},"author":1,"featured_media":0,"comment_status":"closed","ping_status":"closed","sticky":false,"template":"","format":"standard","meta":{"_et_pb_use_builder":"","_et_pb_old_content":"","_et_gb_content_width":"","footnotes":""},"categories":[96],"tags":[],"class_list":["post-41132","post","type-post","status-publish","format-standard","hentry","category-circulares2025"],"_links":{"self":[{"href":"https:\/\/www.chb.cl\/sitio\/wp-json\/wp\/v2\/posts\/41132","targetHints":{"allow":["GET"]}}],"collection":[{"href":"https:\/\/www.chb.cl\/sitio\/wp-json\/wp\/v2\/posts"}],"about":[{"href":"https:\/\/www.chb.cl\/sitio\/wp-json\/wp\/v2\/types\/post"}],"author":[{"embeddable":true,"href":"https:\/\/www.chb.cl\/sitio\/wp-json\/wp\/v2\/users\/1"}],"replies":[{"embeddable":true,"href":"https:\/\/www.chb.cl\/sitio\/wp-json\/wp\/v2\/comments?post=41132"}],"version-history":[{"count":0,"href":"https:\/\/www.chb.cl\/sitio\/wp-json\/wp\/v2\/posts\/41132\/revisions"}],"wp:attachment":[{"href":"https:\/\/www.chb.cl\/sitio\/wp-json\/wp\/v2\/media?parent=41132"}],"wp:term":[{"taxonomy":"category","embeddable":true,"href":"https:\/\/www.chb.cl\/sitio\/wp-json\/wp\/v2\/categories?post=41132"},{"taxonomy":"post_tag","embeddable":true,"href":"https:\/\/www.chb.cl\/sitio\/wp-json\/wp\/v2\/tags?post=41132"}],"curies":[{"name":"wp","href":"https:\/\/api.w.org\/{rel}","templated":true}]}}