{"id":41134,"date":"2025-05-06T13:05:20","date_gmt":"2025-05-06T16:05:20","guid":{"rendered":"https:\/\/www.chb.cl\/sitio\/?p=41134"},"modified":"2025-05-06T13:05:20","modified_gmt":"2025-05-06T16:05:20","slug":"incorporacion-de-nueva-profesora-de-matematica-y-jefatura-de-curso","status":"publish","type":"post","link":"https:\/\/www.chb.cl\/sitio\/incorporacion-de-nueva-profesora-de-matematica-y-jefatura-de-curso\/","title":{"rendered":"Incorporaci\u00f3n de nueva profesora de Matem\u00e1tica y Jefatura de curso"},"content":{"rendered":"<div>Estimados Padres, Madres y Apoderados:<\/p>\n<p>Informamos que a partir de esta semana se ha incorporado al equipo docente del Colegio la profesora Valeria M\u00e1laga Vargas, quien asumir\u00e1 la asignatura de Matem\u00e1tica y la jefatura de curso del 6\u00b0 B\u00e1sico C.<\/p>\n<p>Agradecemos su comprensi\u00f3n y apoyo durante este periodo de transici\u00f3n. Asimismo, se comunicar\u00e1 oportunamente cualquier reprogramaci\u00f3n o ajuste en el sistema de evaluaciones, con el objetivo de resguardar el adecuado desarrollo del proceso de ense\u00f1anza-aprendizaje y evitar la sobrecarga de los estudiantes.<\/p>\n<p>Quedamos atentos ante cualquier consulta que deseen realizar.<\/p>\n<p>Atentamente,\n<\/p><\/div>\n<div><strong>Jessica Pe\u00f1ailillo Leiva<br \/>\nJefe Unidad T\u00e9cnico Pedag\u00f3gica<br \/>\nEducaci\u00f3n B\u00e1sica<\/strong><\/div>\n","protected":false},"excerpt":{"rendered":"<p>Estimados Padres, Madres y Apoderados: Informamos que a partir de esta semana se ha incorporado al equipo docente del Colegio la profesora Valeria M\u00e1laga Vargas, quien asumir\u00e1 la asignatura de [&hellip;]<\/p>\n","protected":false},"author":1,"featured_media":0,"comment_status":"closed","ping_status":"closed","sticky":false,"template":"","format":"standard","meta":{"_et_pb_use_builder":"","_et_pb_old_content":"","_et_gb_content_width":"","footnotes":""},"categories":[96],"tags":[],"class_list":["post-41134","post","type-post","status-publish","format-standard","hentry","category-circulares2025"],"_links":{"self":[{"href":"https:\/\/www.chb.cl\/sitio\/wp-json\/wp\/v2\/posts\/41134","targetHints":{"allow":["GET"]}}],"collection":[{"href":"https:\/\/www.chb.cl\/sitio\/wp-json\/wp\/v2\/posts"}],"about":[{"href":"https:\/\/www.chb.cl\/sitio\/wp-json\/wp\/v2\/types\/post"}],"author":[{"embeddable":true,"href":"https:\/\/www.chb.cl\/sitio\/wp-json\/wp\/v2\/users\/1"}],"replies":[{"embeddable":true,"href":"https:\/\/www.chb.cl\/sitio\/wp-json\/wp\/v2\/comments?post=41134"}],"version-history":[{"count":0,"href":"https:\/\/www.chb.cl\/sitio\/wp-json\/wp\/v2\/posts\/41134\/revisions"}],"wp:attachment":[{"href":"https:\/\/www.chb.cl\/sitio\/wp-json\/wp\/v2\/media?parent=41134"}],"wp:term":[{"taxonomy":"category","embeddable":true,"href":"https:\/\/www.chb.cl\/sitio\/wp-json\/wp\/v2\/categories?post=41134"},{"taxonomy":"post_tag","embeddable":true,"href":"https:\/\/www.chb.cl\/sitio\/wp-json\/wp\/v2\/tags?post=41134"}],"curies":[{"name":"wp","href":"https:\/\/api.w.org\/{rel}","templated":true}]}}