{"id":42151,"date":"2025-06-27T11:29:02","date_gmt":"2025-06-27T14:29:02","guid":{"rendered":"https:\/\/www.chb.cl\/sitio\/?p=42151"},"modified":"2025-06-30T11:29:36","modified_gmt":"2025-06-30T14:29:36","slug":"recuerda-este-1-2-y-3-de-julio-semana-del-reciclaje-en-chb","status":"publish","type":"post","link":"https:\/\/www.chb.cl\/sitio\/recuerda-este-1-2-y-3-de-julio-semana-del-reciclaje-en-chb\/","title":{"rendered":"Recuerda, este 1, 2 y 3 de julio, Semana del Reciclaje en CHB"},"content":{"rendered":"<table style=\"font-weight: 400;\" width=\"100%\">\n<tbody>\n<tr>\n<td>\n<table width=\"100%\">\n<tbody>\n<tr>\n<td>Estimada Comunidad Educativa Hispano Brit\u00e1nico:<\/p>\n<p>Les recordamos que los d\u00edas 1, 2 y 3 de julio se realizar\u00e1 en nuestro Colegio una nueva Semana del Reciclaje CHB con motivo del D\u00eda Internacional Libre de Bolsas de Pl\u00e1stico, que se conmemora el pr\u00f3ximo 03 de julio.<\/p>\n<p>Solicitamos traer el material para ser entregado en los accesos principales en el horario habitual de entrada a clases:<\/p>\n<ul>\n<li aria-level=\"1\"><strong>Martes 01 de julio<\/strong>: Botellas PET (desechables) y LATAS.\u00a0<u>Este material debe venir limpio, sin tapa y aplastadas.<\/u><\/li>\n<li aria-level=\"1\"><strong>Mi\u00e9rcoles 02 de julio<\/strong>: Papel, bolsas kraft (delivery) y Cart\u00f3n.\u00a0<u>Este material debe venir limpio, sin cintas adherentes y sin corchetes.<\/u><\/li>\n<li><strong>Jueves 03 de julio<\/strong>: Bolsas pl\u00e1sticas y envases Tetra Pak.\u00a0<u>Los envases deben venir limpios, abiertos y aplastados, sin tapa.<\/u><\/li>\n<\/ul>\n<\/td>\n<\/tr>\n<\/tbody>\n<\/table>\n<\/td>\n<\/tr>\n<\/tbody>\n<\/table>\n<table style=\"font-weight: 400;\" width=\"100%\">\n<tbody>\n<tr>\n<td>\n<table width=\"100%\">\n<tbody>\n<tr>\n<td>\n<table width=\"100%\">\n<tbody>\n<tr>\n<td><strong>Ante cualquier duda sobre la preparaci\u00f3n del material para ser reciclado, los invitamos a ver el siguiente video:<\/strong><\/td>\n<\/tr>\n<\/tbody>\n<\/table>\n<\/td>\n<\/tr>\n<\/tbody>\n<\/table>\n<\/td>\n<\/tr>\n<\/tbody>\n<\/table>\n<table style=\"font-weight: 400;\" width=\"100%\">\n<tbody>\n<tr>\n<td>\n<table>\n<tbody>\n<tr>\n<td>\n<h2><b><a href=\"https:\/\/drive.google.com\/file\/d\/1jPDQt8I37nJlloO8Mg9JzXc2aiWg9JHN\/view?usp=sharing\">Preparando el Reciclaje \u267b\ufe0f<\/a><\/b><\/h2>\n<\/td>\n<\/tr>\n<\/tbody>\n<\/table>\n<\/td>\n<\/tr>\n<\/tbody>\n<\/table>\n<table style=\"font-weight: 400;\" width=\"100%\">\n<tbody>\n<tr>\n<td>\n<table width=\"100%\">\n<tbody>\n<tr>\n<td>Durante los d\u00edas de la actividad, podr\u00e1 encontrar en el sector de reciclaje ubicado en la puerta de calle\u00a0<em>Manuel Balmaceda<\/em>\u00a0(ingreso Ed. B\u00e1sica), contenedores para depositar el reciclaje correspondiente a ese d\u00eda.<\/p>\n<p>Buscamos con este tipo de acciones reducir las bolsas de pl\u00e1stico de un solo uso y fomentar su consumo responsable; en el d\u00eda a d\u00eda, las bolsas de pl\u00e1stico se han convertido en uno de los objetos m\u00e1s cotidianos y tambi\u00e9n uno de los m\u00e1s perjudiciales para el medio ambiente. Agradezco de antemano su participaci\u00f3n en esta iniciativa y los invitamos desde ya a juntar y separar los residuos para ser reciclados.<\/p>\n<p>Atentamente,<\/p>\n<p><strong>Jos\u00e9 T\u00e9llez Morales<br \/>\nDirector<br \/>\nColegio Hispano Brit\u00e1nico<\/strong><\/td>\n<\/tr>\n<\/tbody>\n<\/table>\n<\/td>\n<\/tr>\n<\/tbody>\n<\/table>\n","protected":false},"excerpt":{"rendered":"<p>Estimada Comunidad Educativa Hispano Brit\u00e1nico: Les recordamos que los d\u00edas 1, 2 y 3 de julio se realizar\u00e1 en nuestro Colegio una nueva Semana del Reciclaje CHB con motivo del [&hellip;]<\/p>\n","protected":false},"author":1,"featured_media":0,"comment_status":"closed","ping_status":"closed","sticky":false,"template":"","format":"standard","meta":{"_et_pb_use_builder":"","_et_pb_old_content":"","_et_gb_content_width":"","footnotes":""},"categories":[96],"tags":[],"class_list":["post-42151","post","type-post","status-publish","format-standard","hentry","category-circulares2025"],"_links":{"self":[{"href":"https:\/\/www.chb.cl\/sitio\/wp-json\/wp\/v2\/posts\/42151","targetHints":{"allow":["GET"]}}],"collection":[{"href":"https:\/\/www.chb.cl\/sitio\/wp-json\/wp\/v2\/posts"}],"about":[{"href":"https:\/\/www.chb.cl\/sitio\/wp-json\/wp\/v2\/types\/post"}],"author":[{"embeddable":true,"href":"https:\/\/www.chb.cl\/sitio\/wp-json\/wp\/v2\/users\/1"}],"replies":[{"embeddable":true,"href":"https:\/\/www.chb.cl\/sitio\/wp-json\/wp\/v2\/comments?post=42151"}],"version-history":[{"count":0,"href":"https:\/\/www.chb.cl\/sitio\/wp-json\/wp\/v2\/posts\/42151\/revisions"}],"wp:attachment":[{"href":"https:\/\/www.chb.cl\/sitio\/wp-json\/wp\/v2\/media?parent=42151"}],"wp:term":[{"taxonomy":"category","embeddable":true,"href":"https:\/\/www.chb.cl\/sitio\/wp-json\/wp\/v2\/categories?post=42151"},{"taxonomy":"post_tag","embeddable":true,"href":"https:\/\/www.chb.cl\/sitio\/wp-json\/wp\/v2\/tags?post=42151"}],"curies":[{"name":"wp","href":"https:\/\/api.w.org\/{rel}","templated":true}]}}