{"id":42154,"date":"2025-07-01T16:17:26","date_gmt":"2025-07-01T19:17:26","guid":{"rendered":"https:\/\/www.chb.cl\/sitio\/?p=42154"},"modified":"2025-07-01T16:17:26","modified_gmt":"2025-07-01T19:17:26","slug":"vacaciones-de-invierno-2025","status":"publish","type":"post","link":"https:\/\/www.chb.cl\/sitio\/vacaciones-de-invierno-2025\/","title":{"rendered":"Vacaciones de invierno 2025"},"content":{"rendered":"<table class=\"mcnTextBlock\" border=\"0\" width=\"100%\" cellspacing=\"0\" cellpadding=\"0\">\n<tbody class=\"mcnTextBlockOuter\">\n<tr>\n<td class=\"mcnTextBlockInner\" valign=\"top\">\n<table class=\"mcnTextContentContainer\" border=\"0\" width=\"100%\" cellspacing=\"0\" cellpadding=\"0\" align=\"left\">\n<tbody>\n<tr>\n<td class=\"mcnTextContent\" valign=\"top\">\n<p dir=\"ltr\">Estimada comunidad Hispano Brit\u00e1nico:<\/p>\n<p dir=\"ltr\">Respecto a las vacaciones de invierno, quisiera recordarles que \u00e9stas ser\u00e1n desde\u00a0 el d\u00eda lunes 7 al viernes 18 de julio.<\/p>\n<p dir=\"ltr\">Adem\u00e1s, se informa que los d\u00edas lunes 21 y martes 22 de julio, se realizar\u00e1n jornadas docentes de evaluaci\u00f3n del 1\u00b0 semestre y planificaci\u00f3n del 2\u00b0 semestre, instruidas por el Ministerio de Educaci\u00f3n, raz\u00f3n por la cual\u00a0<u><strong>los estudiantes se reincorporan a clases el d\u00eda mi\u00e9rcoles 23 de julio.<\/strong><\/u><\/p>\n<p dir=\"ltr\">Por lo antes se\u00f1alado, se informa que el d\u00eda viernes 04 de julio los estudiantes tendr\u00e1n actividades de t\u00e9rmino del primer semestre, modificando su horario de salida seg\u00fan el siguiente detalle:<\/p>\n<\/td>\n<\/tr>\n<\/tbody>\n<\/table>\n<\/td>\n<\/tr>\n<\/tbody>\n<\/table>\n<table class=\"mcnImageBlock\" border=\"0\" width=\"100%\" cellspacing=\"0\" cellpadding=\"0\">\n<tbody class=\"mcnImageBlockOuter\">\n<tr>\n<td class=\"mcnImageBlockInner\" valign=\"top\">\n<table class=\"mcnImageContentContainer\" border=\"0\" width=\"100%\" cellspacing=\"0\" cellpadding=\"0\" align=\"left\">\n<tbody>\n<tr>\n<td class=\"mcnImageContent\" valign=\"top\"><img decoding=\"async\" class=\"mcnImage\" src=\"https:\/\/mcusercontent.com\/312f5996e69f1a9a58475a471\/images\/4c5f6b67-4ece-b401-2184-0258df2b6fbb.png\" alt=\"\" width=\"561\" align=\"center\" \/><\/td>\n<\/tr>\n<\/tbody>\n<\/table>\n<\/td>\n<\/tr>\n<\/tbody>\n<\/table>\n<table class=\"mcnTextBlock\" border=\"0\" width=\"100%\" cellspacing=\"0\" cellpadding=\"0\">\n<tbody class=\"mcnTextBlockOuter\">\n<tr>\n<td class=\"mcnTextBlockInner\" valign=\"top\">\n<table class=\"mcnTextContentContainer\" border=\"0\" width=\"100%\" cellspacing=\"0\" cellpadding=\"0\" align=\"left\">\n<tbody>\n<tr>\n<td class=\"mcnTextContent\" valign=\"top\">\n<p dir=\"ltr\">Esperamos que tengan un merecido descanso; tendr\u00e1n la oportunidad de disfrutar y recargar energ\u00edas para el nuevo semestre. Los invito a cuidarse y mantener vigente en estas vacaciones todas las medidas preventivas que inhiban enfermedades caracter\u00edsticas del per\u00edodo de invierno.<\/p>\n<p dir=\"ltr\">Es importante indicar que seguiremos atendiendo a trav\u00e9s de secretar\u00eda desde las 8:00 hrs a 14:00 hrs. El d\u00eda mi\u00e9rcoles 16 el Colegio estar\u00e1 cerrado.<\/p>\n<p dir=\"ltr\">Atentamente,<\/p>\n<p dir=\"ltr\"><strong>Jos\u00e9 T\u00e9llez Morales<br \/>\nDirector<br \/>\nColegio Hispano Brit\u00e1nico<\/strong><\/p>\n<\/td>\n<\/tr>\n<\/tbody>\n<\/table>\n<\/td>\n<\/tr>\n<\/tbody>\n<\/table>\n","protected":false},"excerpt":{"rendered":"<p>Estimada comunidad Hispano Brit\u00e1nico: Respecto a las vacaciones de invierno, quisiera recordarles que \u00e9stas ser\u00e1n desde\u00a0 el d\u00eda lunes 7 al viernes 18 de julio. Adem\u00e1s, se informa que los [&hellip;]<\/p>\n","protected":false},"author":1,"featured_media":0,"comment_status":"closed","ping_status":"closed","sticky":false,"template":"","format":"standard","meta":{"_et_pb_use_builder":"","_et_pb_old_content":"","_et_gb_content_width":"","footnotes":""},"categories":[96],"tags":[],"class_list":["post-42154","post","type-post","status-publish","format-standard","hentry","category-circulares2025"],"_links":{"self":[{"href":"https:\/\/www.chb.cl\/sitio\/wp-json\/wp\/v2\/posts\/42154","targetHints":{"allow":["GET"]}}],"collection":[{"href":"https:\/\/www.chb.cl\/sitio\/wp-json\/wp\/v2\/posts"}],"about":[{"href":"https:\/\/www.chb.cl\/sitio\/wp-json\/wp\/v2\/types\/post"}],"author":[{"embeddable":true,"href":"https:\/\/www.chb.cl\/sitio\/wp-json\/wp\/v2\/users\/1"}],"replies":[{"embeddable":true,"href":"https:\/\/www.chb.cl\/sitio\/wp-json\/wp\/v2\/comments?post=42154"}],"version-history":[{"count":0,"href":"https:\/\/www.chb.cl\/sitio\/wp-json\/wp\/v2\/posts\/42154\/revisions"}],"wp:attachment":[{"href":"https:\/\/www.chb.cl\/sitio\/wp-json\/wp\/v2\/media?parent=42154"}],"wp:term":[{"taxonomy":"category","embeddable":true,"href":"https:\/\/www.chb.cl\/sitio\/wp-json\/wp\/v2\/categories?post=42154"},{"taxonomy":"post_tag","embeddable":true,"href":"https:\/\/www.chb.cl\/sitio\/wp-json\/wp\/v2\/tags?post=42154"}],"curies":[{"name":"wp","href":"https:\/\/api.w.org\/{rel}","templated":true}]}}