{"id":42313,"date":"2025-07-21T11:25:14","date_gmt":"2025-07-21T14:25:14","guid":{"rendered":"https:\/\/www.chb.cl\/sitio\/?p=42313"},"modified":"2025-07-28T11:25:56","modified_gmt":"2025-07-28T14:25:56","slug":"informacion-para-el-retorno-de-las-vacaciones-de-invierno","status":"publish","type":"post","link":"https:\/\/www.chb.cl\/sitio\/informacion-para-el-retorno-de-las-vacaciones-de-invierno\/","title":{"rendered":"Informaci\u00f3n para el retorno de las vacaciones de invierno"},"content":{"rendered":"<table class=\"mcnTextBlock\" border=\"0\" width=\"100%\" cellspacing=\"0\" cellpadding=\"0\">\n<tbody class=\"mcnTextBlockOuter\">\n<tr>\n<td class=\"mcnTextBlockInner\" valign=\"top\">\n<table class=\"mcnTextContentContainer\" border=\"0\" width=\"100%\" cellspacing=\"0\" cellpadding=\"0\" align=\"left\">\n<tbody>\n<tr>\n<td class=\"mcnTextContent\" valign=\"top\">\n<p dir=\"ltr\">Estimados padres, madres y apoderados:<\/p>\n<p>A trav\u00e9s de la presente, informo a ustedes que, entre los d\u00edas 23 al 25 de julio, al retorno de las vacaciones de invierno, tanto la Educaci\u00f3n B\u00e1sica como la Educaci\u00f3n Media, llevar\u00e1n a cabo diferentes actividades relacionadas con la celebraci\u00f3n del aniversario de nuestro Colegio, las cuales se presentan en el siguiente detalle:<\/p>\n<\/td>\n<\/tr>\n<\/tbody>\n<\/table>\n<\/td>\n<\/tr>\n<\/tbody>\n<\/table>\n<table class=\"mcnImageBlock\" border=\"0\" width=\"100%\" cellspacing=\"0\" cellpadding=\"0\">\n<tbody class=\"mcnImageBlockOuter\">\n<tr>\n<td class=\"mcnImageBlockInner\" valign=\"top\">\n<table class=\"mcnImageContentContainer\" border=\"0\" width=\"100%\" cellspacing=\"0\" cellpadding=\"0\" align=\"left\">\n<tbody>\n<tr>\n<td class=\"mcnImageContent\" valign=\"top\"><img decoding=\"async\" class=\"mcnImage\" src=\"https:\/\/mcusercontent.com\/312f5996e69f1a9a58475a471\/images\/19ba2c16-248f-74f6-ebbd-fa767846fca3.png\" alt=\"\" width=\"564\" align=\"center\" \/><\/td>\n<\/tr>\n<\/tbody>\n<\/table>\n<\/td>\n<\/tr>\n<\/tbody>\n<\/table>\n<table class=\"mcnDividerBlock\" border=\"0\" width=\"100%\" cellspacing=\"0\" cellpadding=\"0\">\n<tbody class=\"mcnDividerBlockOuter\">\n<tr>\n<td class=\"mcnDividerBlockInner\">\n<table class=\"mcnDividerContent\" border=\"0\" width=\"100%\" cellspacing=\"0\" cellpadding=\"0\">\n<tbody>\n<tr>\n<td><\/td>\n<\/tr>\n<\/tbody>\n<\/table>\n<\/td>\n<\/tr>\n<\/tbody>\n<\/table>\n<table class=\"mcnTextBlock\" border=\"0\" width=\"100%\" cellspacing=\"0\" cellpadding=\"0\">\n<tbody class=\"mcnTextBlockOuter\">\n<tr>\n<td class=\"mcnTextBlockInner\" valign=\"top\">\n<table class=\"mcnTextContentContainer\" border=\"0\" width=\"100%\" cellspacing=\"0\" cellpadding=\"0\" align=\"left\">\n<tbody>\n<tr>\n<td class=\"mcnTextContent\" valign=\"top\"><strong>Nota:<\/strong>\u00a0Todos los niveles de Educaci\u00f3n Media tienen como horario de salida las 13.00 hrs, momento en cual deben salir del establecimiento para realizar su horario de almuerzo en sus hogares desde las 13.00 a 15.00 hrs. Para quienes reingresen a participar de las actividades de aniversario, la puerta de acceso se abrir\u00e1 a las 14.45 hrs.<\/p>\n<p>En relaci\u00f3n a la vestimenta, durante los d\u00edas de aniversario, los estudiantes pueden asistir con buzo al Colegio y polera o poler\u00f3n del color de la alianza. En el caso de los cursos de educaci\u00f3n b\u00e1sica, pueden asistir seg\u00fan detalle de vestimenta informado por jefaturas de curso en relaci\u00f3n a tem\u00e1ticas de actividades.<\/p>\n<p>Respecto de las donaciones voluntarias por campa\u00f1a solidaria de educaci\u00f3n b\u00e1sica, estas ser\u00e1n recepcionadas el d\u00eda viernes 25 de julio entregadas directamente a jefatura de curso.<\/p>\n<p>Por \u00faltimo, las actividades correspondiente a la jornada de deportes en horario de tarde quedan todas suspendidas desde el 23 al 25 de julio por actividades de aniversario de la educaci\u00f3n media en jornada de tarde. El d\u00eda lunes 28 de julio se reanudar\u00e1n, seg\u00fan programa semanal, el cual se encuentra disponible en nuestra p\u00e1gina web.<\/p>\n<p>Atentamente,<\/p>\n<div><strong>Inspector\u00eda General<\/strong><br \/>\nColegio Hispano Brit\u00e1nico<\/div>\n<\/td>\n<\/tr>\n<\/tbody>\n<\/table>\n<\/td>\n<\/tr>\n<\/tbody>\n<\/table>\n","protected":false},"excerpt":{"rendered":"<p>Estimados padres, madres y apoderados: A trav\u00e9s de la presente, informo a ustedes que, entre los d\u00edas 23 al 25 de julio, al retorno de las vacaciones de invierno, tanto [&hellip;]<\/p>\n","protected":false},"author":1,"featured_media":0,"comment_status":"closed","ping_status":"closed","sticky":false,"template":"","format":"standard","meta":{"_et_pb_use_builder":"","_et_pb_old_content":"","_et_gb_content_width":"","footnotes":""},"categories":[96],"tags":[],"class_list":["post-42313","post","type-post","status-publish","format-standard","hentry","category-circulares2025"],"_links":{"self":[{"href":"https:\/\/www.chb.cl\/sitio\/wp-json\/wp\/v2\/posts\/42313","targetHints":{"allow":["GET"]}}],"collection":[{"href":"https:\/\/www.chb.cl\/sitio\/wp-json\/wp\/v2\/posts"}],"about":[{"href":"https:\/\/www.chb.cl\/sitio\/wp-json\/wp\/v2\/types\/post"}],"author":[{"embeddable":true,"href":"https:\/\/www.chb.cl\/sitio\/wp-json\/wp\/v2\/users\/1"}],"replies":[{"embeddable":true,"href":"https:\/\/www.chb.cl\/sitio\/wp-json\/wp\/v2\/comments?post=42313"}],"version-history":[{"count":0,"href":"https:\/\/www.chb.cl\/sitio\/wp-json\/wp\/v2\/posts\/42313\/revisions"}],"wp:attachment":[{"href":"https:\/\/www.chb.cl\/sitio\/wp-json\/wp\/v2\/media?parent=42313"}],"wp:term":[{"taxonomy":"category","embeddable":true,"href":"https:\/\/www.chb.cl\/sitio\/wp-json\/wp\/v2\/categories?post=42313"},{"taxonomy":"post_tag","embeddable":true,"href":"https:\/\/www.chb.cl\/sitio\/wp-json\/wp\/v2\/tags?post=42313"}],"curies":[{"name":"wp","href":"https:\/\/api.w.org\/{rel}","templated":true}]}}