{"id":42315,"date":"2025-07-21T11:26:23","date_gmt":"2025-07-21T14:26:23","guid":{"rendered":"https:\/\/www.chb.cl\/sitio\/?p=42315"},"modified":"2025-07-28T11:26:56","modified_gmt":"2025-07-28T14:26:56","slug":"iii-y-iv-medio-certificaciones-academicas-en-regiones-uai","status":"publish","type":"post","link":"https:\/\/www.chb.cl\/sitio\/iii-y-iv-medio-certificaciones-academicas-en-regiones-uai\/","title":{"rendered":"III Y IV MEDIO &#8211; Certificaciones Acad\u00e9micas en Regiones UAI"},"content":{"rendered":"<p dir=\"ltr\">Estimados Padres, Madres y Apoderados:<\/p>\n<p>A trav\u00e9s de la presente, se informa que el pr\u00f3ximo s\u00e1bado 26 de julio se realizar\u00e1 por primera vez en la ciudad de Iquique el evento \u201cCertificaciones Acad\u00e9micas en Regiones\u201d, organizado por la\u00a0<strong>Universidad Adolfo Ib\u00e1\u00f1ez<\/strong>, actividad de convocatoria abierta, dirigida a estudiantes de III y IV medio, que invita a vivir una jornada presencial con clases te\u00f3rica-pr\u00e1cticas de\u00a0<em>\u201cIntroducci\u00f3n a los Negocios e Ingenier\u00eda\u201d.<\/em><\/p>\n<p>El evento se llevar\u00e1 a cabo en el Hotel Hilton Inn Iquique, entre las 09:00 y 18:00 hrs.<\/p>\n<p>Quienes asistan y aprueben los hitos evaluativos, obtendr\u00e1n un certificado emitido por la Universidad, que los habilita para postular v\u00eda Admisi\u00f3n Especial a la UAI con una bonificaci\u00f3n en su puntaje ponderado. Esto aplica en caso de que se encuentren en lista de espera en el proceso centralizado de Admisi\u00f3n 2026 o 2027.<\/p>\n<p>Inscripciones en:\u00a0<a href=\"https:\/\/formularios.uai.cl\/formulario\/6ab9c9c9-d7c6-4929-9a08-5ff43b3a5c9f\" target=\"_blank\" rel=\"noopener\">https:\/\/formularios.uai.cl\/formulario\/6ab9c9c9-d7c6-4929-9a08-5ff43b3a5c9f<\/a><\/p>\n<p>M\u00e1s informaci\u00f3n sobre el evento en:\u00a0<a href=\"https:\/\/www.uai.cl\/eventos\/admision\/certificaciones-academicas-uai-iquique\" target=\"_blank\" rel=\"noopener\">https:\/\/www.uai.cl\/eventos\/admision\/certificaciones-academicas-uai-iquique<\/a><\/p>\n<p>Esperamos que consideren esta oportunidad para vivir una experiencia universitaria de primer nivel.<\/p>\n<p>Atentamente,\n<\/p>\n<p dir=\"ltr\"><strong>Jos\u00e9 T\u00e9llez Morales<\/strong><br \/>\nDirector<br \/>\nColegio Hispano Brit\u00e1nico<\/p>\n","protected":false},"excerpt":{"rendered":"<p>Estimados Padres, Madres y Apoderados: A trav\u00e9s de la presente, se informa que el pr\u00f3ximo s\u00e1bado 26 de julio se realizar\u00e1 por primera vez en la ciudad de Iquique el [&hellip;]<\/p>\n","protected":false},"author":1,"featured_media":0,"comment_status":"closed","ping_status":"closed","sticky":false,"template":"","format":"standard","meta":{"_et_pb_use_builder":"","_et_pb_old_content":"","_et_gb_content_width":"","footnotes":""},"categories":[96],"tags":[],"class_list":["post-42315","post","type-post","status-publish","format-standard","hentry","category-circulares2025"],"_links":{"self":[{"href":"https:\/\/www.chb.cl\/sitio\/wp-json\/wp\/v2\/posts\/42315","targetHints":{"allow":["GET"]}}],"collection":[{"href":"https:\/\/www.chb.cl\/sitio\/wp-json\/wp\/v2\/posts"}],"about":[{"href":"https:\/\/www.chb.cl\/sitio\/wp-json\/wp\/v2\/types\/post"}],"author":[{"embeddable":true,"href":"https:\/\/www.chb.cl\/sitio\/wp-json\/wp\/v2\/users\/1"}],"replies":[{"embeddable":true,"href":"https:\/\/www.chb.cl\/sitio\/wp-json\/wp\/v2\/comments?post=42315"}],"version-history":[{"count":0,"href":"https:\/\/www.chb.cl\/sitio\/wp-json\/wp\/v2\/posts\/42315\/revisions"}],"wp:attachment":[{"href":"https:\/\/www.chb.cl\/sitio\/wp-json\/wp\/v2\/media?parent=42315"}],"wp:term":[{"taxonomy":"category","embeddable":true,"href":"https:\/\/www.chb.cl\/sitio\/wp-json\/wp\/v2\/categories?post=42315"},{"taxonomy":"post_tag","embeddable":true,"href":"https:\/\/www.chb.cl\/sitio\/wp-json\/wp\/v2\/tags?post=42315"}],"curies":[{"name":"wp","href":"https:\/\/api.w.org\/{rel}","templated":true}]}}