{"id":42324,"date":"2025-07-23T11:36:49","date_gmt":"2025-07-23T14:36:49","guid":{"rendered":"https:\/\/www.chb.cl\/sitio\/?p=42324"},"modified":"2025-07-28T11:37:07","modified_gmt":"2025-07-28T14:37:07","slug":"ic-id-informacion-sobre-reemplazo-docente-profesora-sara-du-monceau","status":"publish","type":"post","link":"https:\/\/www.chb.cl\/sitio\/ic-id-informacion-sobre-reemplazo-docente-profesora-sara-du-monceau\/","title":{"rendered":"I\u00b0C, I\u00b0D &#8211; Informaci\u00f3n sobre reemplazo docente \u2013 Profesora Sara Du Monceau"},"content":{"rendered":"<table class=\"mcnTextBlock\" border=\"0\" width=\"100%\" cellspacing=\"0\" cellpadding=\"0\">\n<tbody class=\"mcnTextBlockOuter\">\n<tr>\n<td class=\"mcnTextBlockInner\" valign=\"top\">\n<table class=\"mcnTextContentContainer\" border=\"0\" width=\"100%\" cellspacing=\"0\" cellpadding=\"0\" align=\"left\">\n<tbody>\n<tr>\n<td class=\"mcnTextContent\" valign=\"top\">\n<p dir=\"ltr\">Estimados(as) apoderados(as):<\/p>\n<p>Junto con saludarles cordialmente, informamos que el profesor Fernando Ugarte asumir\u00e1 de manera temporal la asignatura a cargo de la docente Sara Du Monceau, hasta el d\u00eda viernes 1 de agosto.<\/p>\n<p>Agradecemos su comprensi\u00f3n y apoyo durante este periodo de reemplazo. Cualquier ajuste o reprogramaci\u00f3n de actividades evaluativas ser\u00e1 informado oportunamente, con el fin de resguardar el adecuado desarrollo del proceso de ense\u00f1anza-aprendizaje y evitar la sobrecarga de los estudiantes.<\/p>\n<p>Quedamos atentos a cualquier consulta que deseen realizar.<\/p>\n<p>Atentamente,\n<\/p>\n<p dir=\"ltr\">Ren\u00e9 Delgado Almeida<br \/>\nJefe Unidad T\u00e9cnico Pedag\u00f3gica &#8211; Ense\u00f1anza Media<br \/>\n<strong>Colegio Hispano Brit\u00e1nico<\/strong><\/p>\n<\/td>\n<\/tr>\n<\/tbody>\n<\/table>\n<\/td>\n<\/tr>\n<\/tbody>\n<\/table>\n<table class=\"mcnDividerBlock\" border=\"0\" width=\"100%\" cellspacing=\"0\" cellpadding=\"0\">\n<tbody class=\"mcnDividerBlockOuter\">\n<tr>\n<td class=\"mcnDividerBlockInner\">\n<table class=\"mcnDividerContent\" border=\"0\" width=\"100%\" cellspacing=\"0\" cellpadding=\"0\">\n<tbody>\n<tr>\n<td><\/td>\n<\/tr>\n<\/tbody>\n<\/table>\n<\/td>\n<\/tr>\n<\/tbody>\n<\/table>\n","protected":false},"excerpt":{"rendered":"<p>Estimados(as) apoderados(as): Junto con saludarles cordialmente, informamos que el profesor Fernando Ugarte asumir\u00e1 de manera temporal la asignatura a cargo de la docente Sara Du Monceau, hasta el d\u00eda viernes [&hellip;]<\/p>\n","protected":false},"author":1,"featured_media":0,"comment_status":"closed","ping_status":"closed","sticky":false,"template":"","format":"standard","meta":{"_et_pb_use_builder":"","_et_pb_old_content":"","_et_gb_content_width":"","footnotes":""},"categories":[96],"tags":[],"class_list":["post-42324","post","type-post","status-publish","format-standard","hentry","category-circulares2025"],"_links":{"self":[{"href":"https:\/\/www.chb.cl\/sitio\/wp-json\/wp\/v2\/posts\/42324","targetHints":{"allow":["GET"]}}],"collection":[{"href":"https:\/\/www.chb.cl\/sitio\/wp-json\/wp\/v2\/posts"}],"about":[{"href":"https:\/\/www.chb.cl\/sitio\/wp-json\/wp\/v2\/types\/post"}],"author":[{"embeddable":true,"href":"https:\/\/www.chb.cl\/sitio\/wp-json\/wp\/v2\/users\/1"}],"replies":[{"embeddable":true,"href":"https:\/\/www.chb.cl\/sitio\/wp-json\/wp\/v2\/comments?post=42324"}],"version-history":[{"count":0,"href":"https:\/\/www.chb.cl\/sitio\/wp-json\/wp\/v2\/posts\/42324\/revisions"}],"wp:attachment":[{"href":"https:\/\/www.chb.cl\/sitio\/wp-json\/wp\/v2\/media?parent=42324"}],"wp:term":[{"taxonomy":"category","embeddable":true,"href":"https:\/\/www.chb.cl\/sitio\/wp-json\/wp\/v2\/categories?post=42324"},{"taxonomy":"post_tag","embeddable":true,"href":"https:\/\/www.chb.cl\/sitio\/wp-json\/wp\/v2\/tags?post=42324"}],"curies":[{"name":"wp","href":"https:\/\/api.w.org\/{rel}","templated":true}]}}