{"id":42526,"date":"2025-08-06T15:51:48","date_gmt":"2025-08-06T18:51:48","guid":{"rendered":"https:\/\/www.chb.cl\/sitio\/?p=42526"},"modified":"2025-08-06T15:51:48","modified_gmt":"2025-08-06T18:51:48","slug":"3-y-4-medios-invitacion-a-participar-en-la-iv-feria-vocacional-chb","status":"publish","type":"post","link":"https:\/\/www.chb.cl\/sitio\/3-y-4-medios-invitacion-a-participar-en-la-iv-feria-vocacional-chb\/","title":{"rendered":"3\u00b0 y 4\u00b0 medios &#8211; Invitaci\u00f3n a Participar en la IV\u00b0 Feria vocacional CHB"},"content":{"rendered":"<table class=\"mcnTextBlock\" border=\"0\" width=\"100%\" cellspacing=\"0\" cellpadding=\"0\">\n<tbody class=\"mcnTextBlockOuter\">\n<tr>\n<td class=\"mcnTextBlockInner\" valign=\"top\">\n<table class=\"mcnTextContentContainer\" border=\"0\" width=\"100%\" cellspacing=\"0\" cellpadding=\"0\" align=\"left\">\n<tbody>\n<tr>\n<td class=\"mcnTextContent\" valign=\"top\">\n<p dir=\"ltr\">Estimadas familias de III y IV Medio del Colegio Hispano Brit\u00e1nico:<\/p>\n<p>Queremos invitarles a ser parte, como familia y apoyo fundamental en el proceso educativo, de una instancia muy significativa para nuestros estudiantes: la\u00a0<strong>IV Feria Vocacional CHB 2025<\/strong>, que se realizar\u00e1 el\u00a0<u>mi\u00e9rcoles 13 de agosto a partir de las 10:00 hrs. en las dependencias de nuestro Colegio<\/u>.<\/p>\n<p>Este evento contar\u00e1 con la participaci\u00f3n de m\u00e1s de 16 instituciones, entre universidades, centros de formaci\u00f3n t\u00e9cnica, fuerzas armadas y otras entidades de educaci\u00f3n superior, quienes ofrecer\u00e1n informaci\u00f3n valiosa a trav\u00e9s de sus respectivos stands y actividades orientadas a acompa\u00f1ar a nuestros j\u00f3venes en su proceso de orientaci\u00f3n vocacional.<\/p>\n<p>En Hispano Brit\u00e1nico entendemos que la construcci\u00f3n del proyecto de vida de nuestros estudiantes se potencia desde el di\u00e1logo entre familia y el Colegio. Por ello, los invitamos a conversar en casa sobre este evento, a motivar la participaci\u00f3n activa de sus hijos e hijas, y a acompa\u00f1arlos con inter\u00e9s y cercan\u00eda en esta etapa de exploraci\u00f3n y decisiones.<\/p>\n<p>Para mayor informaci\u00f3n, puede revisar el sitio web de la IV Feria Vocacional:<\/p>\n<\/td>\n<\/tr>\n<\/tbody>\n<\/table>\n<\/td>\n<\/tr>\n<\/tbody>\n<\/table>\n<table class=\"mcnButtonBlock\" border=\"0\" width=\"100%\" cellspacing=\"0\" cellpadding=\"0\">\n<tbody class=\"mcnButtonBlockOuter\">\n<tr>\n<td class=\"mcnButtonBlockInner\" style=\"text-align: left;\" align=\"center\" valign=\"top\">\n<table class=\"mcnButtonContentContainer\" border=\"0\" cellspacing=\"0\" cellpadding=\"0\">\n<tbody>\n<tr>\n<td class=\"mcnButtonContent\" align=\"center\" valign=\"middle\">\n<h1><a class=\"mcnButton \" title=\"Sitio web de la IV Feria Vocacional\" href=\"https:\/\/sites.google.com\/chb.cl\/ivferiavocacionalcolegiohispan\/inicio?authuser=1\" target=\"_blank\" rel=\"noopener\">Sitio web de la IV Feria Vocacional<\/a><\/h1>\n<\/td>\n<\/tr>\n<\/tbody>\n<\/table>\n<\/td>\n<\/tr>\n<\/tbody>\n<\/table>\n<table class=\"mcnTextBlock\" border=\"0\" width=\"100%\" cellspacing=\"0\" cellpadding=\"0\">\n<tbody class=\"mcnTextBlockOuter\">\n<tr>\n<td class=\"mcnTextBlockInner\" valign=\"top\">\n<table class=\"mcnTextContentContainer\" border=\"0\" width=\"100%\" cellspacing=\"0\" cellpadding=\"0\" align=\"left\">\n<tbody>\n<tr>\n<td class=\"mcnTextContent\" valign=\"top\">\n<p dir=\"ltr\">Contar con su apoyo es fundamental para que nuestros estudiantes puedan ampliar su mirada, conocer distintas alternativas y comenzar a proyectar su futuro con mayor claridad y confianza.<\/p>\n<p>Agradeciendo, como siempre, su compromiso y participaci\u00f3n,\n<\/p>\n<p dir=\"ltr\"><strong>Jos\u00e9 Tellez Morales<br \/>\nDirector<br \/>\nColegio Hispano Brit\u00e1nico<\/strong><\/p>\n<\/td>\n<\/tr>\n<\/tbody>\n<\/table>\n<\/td>\n<\/tr>\n<\/tbody>\n<\/table>\n","protected":false},"excerpt":{"rendered":"<p>Estimadas familias de III y IV Medio del Colegio Hispano Brit\u00e1nico: Queremos invitarles a ser parte, como familia y apoyo fundamental en el proceso educativo, de una instancia muy significativa [&hellip;]<\/p>\n","protected":false},"author":1,"featured_media":0,"comment_status":"closed","ping_status":"closed","sticky":false,"template":"","format":"standard","meta":{"_et_pb_use_builder":"","_et_pb_old_content":"","_et_gb_content_width":"","footnotes":""},"categories":[96],"tags":[],"class_list":["post-42526","post","type-post","status-publish","format-standard","hentry","category-circulares2025"],"_links":{"self":[{"href":"https:\/\/www.chb.cl\/sitio\/wp-json\/wp\/v2\/posts\/42526","targetHints":{"allow":["GET"]}}],"collection":[{"href":"https:\/\/www.chb.cl\/sitio\/wp-json\/wp\/v2\/posts"}],"about":[{"href":"https:\/\/www.chb.cl\/sitio\/wp-json\/wp\/v2\/types\/post"}],"author":[{"embeddable":true,"href":"https:\/\/www.chb.cl\/sitio\/wp-json\/wp\/v2\/users\/1"}],"replies":[{"embeddable":true,"href":"https:\/\/www.chb.cl\/sitio\/wp-json\/wp\/v2\/comments?post=42526"}],"version-history":[{"count":0,"href":"https:\/\/www.chb.cl\/sitio\/wp-json\/wp\/v2\/posts\/42526\/revisions"}],"wp:attachment":[{"href":"https:\/\/www.chb.cl\/sitio\/wp-json\/wp\/v2\/media?parent=42526"}],"wp:term":[{"taxonomy":"category","embeddable":true,"href":"https:\/\/www.chb.cl\/sitio\/wp-json\/wp\/v2\/categories?post=42526"},{"taxonomy":"post_tag","embeddable":true,"href":"https:\/\/www.chb.cl\/sitio\/wp-json\/wp\/v2\/tags?post=42526"}],"curies":[{"name":"wp","href":"https:\/\/api.w.org\/{rel}","templated":true}]}}