{"id":42548,"date":"2025-08-06T17:38:29","date_gmt":"2025-08-06T20:38:29","guid":{"rendered":"https:\/\/www.chb.cl\/sitio\/?p=42548"},"modified":"2025-08-07T17:40:18","modified_gmt":"2025-08-07T20:40:18","slug":"celebracion-del-dia-del-nino-y-la-nina-ed-basica","status":"publish","type":"post","link":"https:\/\/www.chb.cl\/sitio\/celebracion-del-dia-del-nino-y-la-nina-ed-basica\/","title":{"rendered":"1\u00b0 a 6\u00b0 b\u00e1sico &#8211; Celebraci\u00f3n del D\u00eda del Ni\u00f1o y la Ni\u00f1a Ed. B\u00e1sica"},"content":{"rendered":"<table class=\"mcnTextBlock\" border=\"0\" width=\"100%\" cellspacing=\"0\" cellpadding=\"0\">\n<tbody class=\"mcnTextBlockOuter\">\n<tr>\n<td class=\"mcnTextBlockInner\" valign=\"top\">\n<table class=\"mcnTextContentContainer\" border=\"0\" width=\"100%\" cellspacing=\"0\" cellpadding=\"0\" align=\"left\">\n<tbody>\n<tr>\n<td class=\"mcnTextContent\" valign=\"top\">\n<p dir=\"ltr\">Estimados padres, madres y apoderados de Educaci\u00f3n B\u00e1sica:<\/p>\n<p dir=\"ltr\">Se informa que el pr\u00f3ximo viernes 08 de agosto se llevar\u00e1 a cabo la celebraci\u00f3n del D\u00eda del Ni\u00f1o y la Ni\u00f1a, con actividades especialmente organizadas por la Unidad de Orientaci\u00f3n del nivel de Educaci\u00f3n B\u00e1sica.<\/p>\n<p dir=\"ltr\">Estas actividades est\u00e1n dirigidas a los estudiantes de 1\u00b0 a 6\u00b0 b\u00e1sico y se desarrollar\u00e1n seg\u00fan el siguiente cronograma:<\/p>\n<ul>\n<li dir=\"ltr\" aria-level=\"1\">\n<p dir=\"ltr\" role=\"presentation\">1\u00b0 y 2\u00b0 bloque: Clases normales, de acuerdo con el horario habitual.<\/p>\n<\/li>\n<\/ul>\n<ul>\n<li dir=\"ltr\" aria-level=\"1\">\n<p dir=\"ltr\" role=\"presentation\">3\u00b0 bloque: Actividades recreativas en patios y salas de clases.<\/p>\n<\/li>\n<\/ul>\n<p dir=\"ltr\">El objetivo de esta jornada es reconocer y celebrar a nuestros estudiantes, promoviendo espacios de recreaci\u00f3n, sana convivencia y esparcimiento en un entorno seguro y educativo.<\/p>\n<p dir=\"ltr\"><strong>Importante:\u00a0<\/strong><\/p>\n<p dir=\"ltr\"><strong>Modificaci\u00f3n de horario de salida.<\/strong><\/p>\n<p dir=\"ltr\">Con motivo de esta celebraci\u00f3n, se modificar\u00e1 excepcionalmente el horario de salida de los estudiantes, seg\u00fan el siguiente detalle:<\/p>\n<\/td>\n<\/tr>\n<\/tbody>\n<\/table>\n<\/td>\n<\/tr>\n<\/tbody>\n<\/table>\n<table class=\"mcnImageBlock\" border=\"0\" width=\"100%\" cellspacing=\"0\" cellpadding=\"0\">\n<tbody class=\"mcnImageBlockOuter\">\n<tr>\n<td class=\"mcnImageBlockInner\" valign=\"top\">\n<table class=\"mcnImageContentContainer\" border=\"0\" width=\"100%\" cellspacing=\"0\" cellpadding=\"0\" align=\"left\">\n<tbody>\n<tr>\n<td class=\"mcnImageContent\" valign=\"top\"><img decoding=\"async\" class=\"mcnImage\" src=\"https:\/\/mcusercontent.com\/312f5996e69f1a9a58475a471\/images\/ead94f79-ab5d-37e0-527f-e1d94a317f2c.png\" alt=\"\" width=\"563.9999389648438\" align=\"center\" \/><\/td>\n<\/tr>\n<\/tbody>\n<\/table>\n<\/td>\n<\/tr>\n<\/tbody>\n<\/table>\n<table class=\"mcnTextBlock\" border=\"0\" width=\"100%\" cellspacing=\"0\" cellpadding=\"0\">\n<tbody class=\"mcnTextBlockOuter\">\n<tr>\n<td class=\"mcnTextBlockInner\" valign=\"top\">\n<table class=\"mcnTextContentContainer\" border=\"0\" width=\"100%\" cellspacing=\"0\" cellpadding=\"0\" align=\"left\">\n<tbody>\n<tr>\n<td class=\"mcnTextContent\" valign=\"top\">\n<p dir=\"ltr\"><strong>Nota: Los estudiantes de Educaci\u00f3n Media mantendr\u00e1n su jornada escolar de forma regular.<\/strong><\/p>\n<p dir=\"ltr\">Atentamente,<\/p>\n<p dir=\"ltr\"><strong>Inspector\u00eda General<br \/>\nColegio Hispano Brit\u00e1nico<\/strong><\/p>\n<\/td>\n<\/tr>\n<\/tbody>\n<\/table>\n<\/td>\n<\/tr>\n<\/tbody>\n<\/table>\n","protected":false},"excerpt":{"rendered":"<p>Estimados padres, madres y apoderados de Educaci\u00f3n B\u00e1sica: Se informa que el pr\u00f3ximo viernes 08 de agosto se llevar\u00e1 a cabo la celebraci\u00f3n del D\u00eda del Ni\u00f1o y la Ni\u00f1a, [&hellip;]<\/p>\n","protected":false},"author":1,"featured_media":0,"comment_status":"closed","ping_status":"closed","sticky":false,"template":"","format":"standard","meta":{"_et_pb_use_builder":"","_et_pb_old_content":"","_et_gb_content_width":"","footnotes":""},"categories":[96],"tags":[],"class_list":["post-42548","post","type-post","status-publish","format-standard","hentry","category-circulares2025"],"_links":{"self":[{"href":"https:\/\/www.chb.cl\/sitio\/wp-json\/wp\/v2\/posts\/42548","targetHints":{"allow":["GET"]}}],"collection":[{"href":"https:\/\/www.chb.cl\/sitio\/wp-json\/wp\/v2\/posts"}],"about":[{"href":"https:\/\/www.chb.cl\/sitio\/wp-json\/wp\/v2\/types\/post"}],"author":[{"embeddable":true,"href":"https:\/\/www.chb.cl\/sitio\/wp-json\/wp\/v2\/users\/1"}],"replies":[{"embeddable":true,"href":"https:\/\/www.chb.cl\/sitio\/wp-json\/wp\/v2\/comments?post=42548"}],"version-history":[{"count":0,"href":"https:\/\/www.chb.cl\/sitio\/wp-json\/wp\/v2\/posts\/42548\/revisions"}],"wp:attachment":[{"href":"https:\/\/www.chb.cl\/sitio\/wp-json\/wp\/v2\/media?parent=42548"}],"wp:term":[{"taxonomy":"category","embeddable":true,"href":"https:\/\/www.chb.cl\/sitio\/wp-json\/wp\/v2\/categories?post=42548"},{"taxonomy":"post_tag","embeddable":true,"href":"https:\/\/www.chb.cl\/sitio\/wp-json\/wp\/v2\/tags?post=42548"}],"curies":[{"name":"wp","href":"https:\/\/api.w.org\/{rel}","templated":true}]}}