{"id":42737,"date":"2025-08-12T12:34:00","date_gmt":"2025-08-12T15:34:00","guid":{"rendered":"https:\/\/www.chb.cl\/sitio\/?p=42737"},"modified":"2025-08-18T12:34:39","modified_gmt":"2025-08-18T15:34:39","slug":"semana-del-reciclaje-en-hispano-britanico-mes-de-agosto","status":"publish","type":"post","link":"https:\/\/www.chb.cl\/sitio\/semana-del-reciclaje-en-hispano-britanico-mes-de-agosto\/","title":{"rendered":"Semana del Reciclaje en Hispano Brit\u00e1nico mes de agosto"},"content":{"rendered":"<table class=\"mcnTextBlock\" border=\"0\" width=\"100%\" cellspacing=\"0\" cellpadding=\"0\">\n<tbody class=\"mcnTextBlockOuter\">\n<tr>\n<td class=\"mcnTextBlockInner\" valign=\"top\">\n<table class=\"mcnTextContentContainer\" border=\"0\" width=\"100%\" cellspacing=\"0\" cellpadding=\"0\" align=\"left\">\n<tbody>\n<tr>\n<td class=\"mcnTextContent\" valign=\"top\">\n<p dir=\"ltr\">Estimada Comunidad Educativa Hispano Brit\u00e1nico:<\/p>\n<p dir=\"ltr\">Se informa que los d\u00edas 19, 20 y 21 de agosto se realizar\u00e1 en nuestro Colegio una nueva Semana del Reciclaje CHB.<\/p>\n<p dir=\"ltr\">Solicitamos traer el material para ser entregado en el horario habitual de entrada a clases:<\/p>\n<ul>\n<li dir=\"ltr\" role=\"presentation\"><strong>Martes 19 de agosto:<\/strong>\u00a0Botellas PET (desechables) y LATAS. Este material debe venir limpio, sin tapa y aplastadas.<\/li>\n<li><strong>Mi\u00e9rcoles 20 de agosto:<\/strong>\u00a0Papel, bolsas kraft (delivery) y Cart\u00f3n. Este material debe venir limpio, sin cintas adherentes y sin corchetes.<\/li>\n<li><strong>Jueves 21 de agosto:<\/strong>\u00a0Bolsas pl\u00e1sticas y envases Tetra Pak. Los envases deben venir limpios, abiertos y aplastados, sin tapa.<\/li>\n<\/ul>\n<div>Ante cualquier duda sobre la preparaci\u00f3n del material para ser reciclado, los invitamos a ver el siguiente video:\n<\/div>\n<\/td>\n<\/tr>\n<\/tbody>\n<\/table>\n<\/td>\n<\/tr>\n<\/tbody>\n<\/table>\n<table class=\"mcnButtonBlock\" border=\"0\" width=\"100%\" cellspacing=\"0\" cellpadding=\"0\">\n<tbody class=\"mcnButtonBlockOuter\">\n<tr>\n<td class=\"mcnButtonBlockInner\" align=\"center\" valign=\"top\">\n<table class=\"mcnButtonContentContainer alignleft\" border=\"0\" cellspacing=\"0\" cellpadding=\"0\">\n<tbody>\n<tr>\n<td class=\"mcnButtonContent\" align=\"center\" valign=\"middle\">\n<h2 style=\"text-align: left;\"><a class=\"mcnButton \" title=\"Preparando el Reciclaje\" href=\"https:\/\/drive.google.com\/file\/d\/1jPDQt8I37nJlloO8Mg9JzXc2aiWg9JHN\/view?usp=sharing\" target=\"_blank\" rel=\"noopener\">Preparando el Reciclaje<\/a><\/h2>\n<\/td>\n<\/tr>\n<\/tbody>\n<\/table>\n<\/td>\n<\/tr>\n<\/tbody>\n<\/table>\n<table class=\"mcnTextBlock\" border=\"0\" width=\"100%\" cellspacing=\"0\" cellpadding=\"0\">\n<tbody class=\"mcnTextBlockOuter\">\n<tr>\n<td class=\"mcnTextBlockInner\" valign=\"top\">\n<table class=\"mcnTextContentContainer\" border=\"0\" width=\"100%\" cellspacing=\"0\" cellpadding=\"0\" align=\"left\">\n<tbody>\n<tr>\n<td class=\"mcnTextContent\" valign=\"top\">\n<p dir=\"ltr\">Durante los d\u00edas de la actividad, podr\u00e1 encontrar en el sector de reciclaje ubicado en la puerta de calle Manuel Balmaceda (ingreso Ed. B\u00e1sica), contenedores para depositar el reciclaje correspondiente a ese d\u00eda.<\/p>\n<p dir=\"ltr\"><strong>No se recibir\u00e1n materiales en d\u00edas que no correspondan al se\u00f1alado, as\u00ed como tampoco elementos que vengan sucios o no cumplan con lo solicitado.<\/strong><\/p>\n<p dir=\"ltr\">Agradezco de antemano su participaci\u00f3n en esta iniciativa y los invitamos desde ya a juntar y separar los residuos para ser reciclados.<\/p>\n<p dir=\"ltr\">\u00a1Los esperamos!<\/p>\n<p dir=\"ltr\"><strong>Jos\u00e9 T\u00e9llez Morales<br \/>\nDirector<br \/>\nColegio Hispano Brit\u00e1nico<\/strong><\/p>\n<\/td>\n<\/tr>\n<\/tbody>\n<\/table>\n<\/td>\n<\/tr>\n<\/tbody>\n<\/table>\n","protected":false},"excerpt":{"rendered":"<p>Estimada Comunidad Educativa Hispano Brit\u00e1nico: Se informa que los d\u00edas 19, 20 y 21 de agosto se realizar\u00e1 en nuestro Colegio una nueva Semana del Reciclaje CHB. Solicitamos traer el [&hellip;]<\/p>\n","protected":false},"author":1,"featured_media":0,"comment_status":"closed","ping_status":"closed","sticky":false,"template":"","format":"standard","meta":{"_et_pb_use_builder":"","_et_pb_old_content":"","_et_gb_content_width":"","footnotes":""},"categories":[96],"tags":[],"class_list":["post-42737","post","type-post","status-publish","format-standard","hentry","category-circulares2025"],"_links":{"self":[{"href":"https:\/\/www.chb.cl\/sitio\/wp-json\/wp\/v2\/posts\/42737","targetHints":{"allow":["GET"]}}],"collection":[{"href":"https:\/\/www.chb.cl\/sitio\/wp-json\/wp\/v2\/posts"}],"about":[{"href":"https:\/\/www.chb.cl\/sitio\/wp-json\/wp\/v2\/types\/post"}],"author":[{"embeddable":true,"href":"https:\/\/www.chb.cl\/sitio\/wp-json\/wp\/v2\/users\/1"}],"replies":[{"embeddable":true,"href":"https:\/\/www.chb.cl\/sitio\/wp-json\/wp\/v2\/comments?post=42737"}],"version-history":[{"count":0,"href":"https:\/\/www.chb.cl\/sitio\/wp-json\/wp\/v2\/posts\/42737\/revisions"}],"wp:attachment":[{"href":"https:\/\/www.chb.cl\/sitio\/wp-json\/wp\/v2\/media?parent=42737"}],"wp:term":[{"taxonomy":"category","embeddable":true,"href":"https:\/\/www.chb.cl\/sitio\/wp-json\/wp\/v2\/categories?post=42737"},{"taxonomy":"post_tag","embeddable":true,"href":"https:\/\/www.chb.cl\/sitio\/wp-json\/wp\/v2\/tags?post=42737"}],"curies":[{"name":"wp","href":"https:\/\/api.w.org\/{rel}","templated":true}]}}