{"id":42740,"date":"2025-08-14T12:34:52","date_gmt":"2025-08-14T15:34:52","guid":{"rendered":"https:\/\/www.chb.cl\/sitio\/?p=42740"},"modified":"2025-08-18T12:37:25","modified_gmt":"2025-08-18T15:37:25","slug":"1-a-5y-8-basico-campana-de-vacunacion-escolar-2025","status":"publish","type":"post","link":"https:\/\/www.chb.cl\/sitio\/1-a-5y-8-basico-campana-de-vacunacion-escolar-2025\/","title":{"rendered":"1\u00b0 a 5\u00b0y 8\u00b0 b\u00e1sico- Campa\u00f1a de Vacunaci\u00f3n Escolar 2025"},"content":{"rendered":"<table class=\"mcnTextBlock\" border=\"0\" width=\"100%\" cellspacing=\"0\" cellpadding=\"0\">\n<tbody class=\"mcnTextBlockOuter\">\n<tr>\n<td class=\"mcnTextBlockInner\" valign=\"top\">\n<table class=\"mcnTextContentContainer\" border=\"0\" width=\"100%\" cellspacing=\"0\" cellpadding=\"0\" align=\"left\">\n<tbody>\n<tr>\n<td class=\"mcnTextContent\" valign=\"top\">\n<p dir=\"ltr\">Estimados padres, madres y apoderados de los niveles 1\u00b0, 2\u00b0, 3\u00b0, 4\u00b0, 5\u00b0 y 8\u00b0 B\u00e1sico:<\/p>\n<p>A trav\u00e9s de la presente, informo a ustedes que, entre los d\u00edas lunes 18 y martes 19 de agosto, se desarrollar\u00e1 en nuestro establecimiento la \u201cCampa\u00f1a de Vacunaci\u00f3n Escolar 2025\u201d. En esta oportunidad, en coordinaci\u00f3n con el equipo de vacunaci\u00f3n del CESFAM SUR, el proceso se desarrollar\u00e1 a partir de las 9.00 hrs con los siguientes grupos:<\/p>\n<\/td>\n<\/tr>\n<\/tbody>\n<\/table>\n<\/td>\n<\/tr>\n<\/tbody>\n<\/table>\n<table class=\"mcnImageBlock\" border=\"0\" width=\"100%\" cellspacing=\"0\" cellpadding=\"0\">\n<tbody class=\"mcnImageBlockOuter\">\n<tr>\n<td class=\"mcnImageBlockInner\" valign=\"top\">\n<table class=\"mcnImageContentContainer\" border=\"0\" width=\"100%\" cellspacing=\"0\" cellpadding=\"0\" align=\"left\">\n<tbody>\n<tr>\n<td class=\"mcnImageContent\" valign=\"top\"><img decoding=\"async\" class=\"mcnImage\" src=\"https:\/\/mcusercontent.com\/312f5996e69f1a9a58475a471\/images\/5a0fd1a5-86c6-8c02-8a20-1e865bd3afec.png\" alt=\"\" width=\"564\" align=\"center\" \/><\/td>\n<\/tr>\n<\/tbody>\n<\/table>\n<\/td>\n<\/tr>\n<\/tbody>\n<\/table>\n<table class=\"mcnTextBlock\" border=\"0\" width=\"100%\" cellspacing=\"0\" cellpadding=\"0\">\n<tbody class=\"mcnTextBlockOuter\">\n<tr>\n<td class=\"mcnTextBlockInner\" valign=\"top\">\n<table class=\"mcnTextContentContainer\" border=\"0\" width=\"100%\" cellspacing=\"0\" cellpadding=\"0\" align=\"left\">\n<tbody>\n<tr>\n<td class=\"mcnTextContent\" valign=\"top\">\n<p dir=\"ltr\"><em>Nota: Es importante se\u00f1alar que, en caso de no alcanzar a vacunar un curso determinado, se continuar\u00e1 en la jornada siguiente. Del mismo modo, si existen estudiantes rezagados, se fijar\u00e1n nuevas fechas de vacunaci\u00f3n.<\/em><\/p>\n<p dir=\"ltr\">Puede ver el video de la campa\u00f1a de Vacunaci\u00f3n, a trav\u00e9s del siguiente enlace:<\/p>\n<\/td>\n<\/tr>\n<\/tbody>\n<\/table>\n<\/td>\n<\/tr>\n<\/tbody>\n<\/table>\n<table class=\"mcnButtonBlock\" border=\"0\" width=\"100%\" cellspacing=\"0\" cellpadding=\"0\">\n<tbody class=\"mcnButtonBlockOuter\">\n<tr>\n<td class=\"mcnButtonBlockInner\" align=\"center\" valign=\"top\">\n<table class=\"mcnButtonContentContainer alignleft\" border=\"0\" cellspacing=\"0\" cellpadding=\"0\">\n<tbody>\n<tr>\n<td class=\"mcnButtonContent\" align=\"center\" valign=\"middle\">\n<h2><a class=\"mcnButton \" title=\"Camapa\u00f1a de Vacunaci\u00f3n\" href=\"https:\/\/tinyurl.com\/my9ksf5k\" target=\"_blank\" rel=\"noopener\">Camapa\u00f1a de Vacunaci\u00f3n<\/a><\/h2>\n<\/td>\n<\/tr>\n<\/tbody>\n<\/table>\n<\/td>\n<\/tr>\n<\/tbody>\n<\/table>\n<table class=\"mcnTextBlock\" border=\"0\" width=\"100%\" cellspacing=\"0\" cellpadding=\"0\">\n<tbody class=\"mcnTextBlockOuter\">\n<tr>\n<td class=\"mcnTextBlockInner\" valign=\"top\">\n<table class=\"mcnTextContentContainer\" border=\"0\" width=\"100%\" cellspacing=\"0\" cellpadding=\"0\" align=\"left\">\n<tbody>\n<tr>\n<td class=\"mcnTextContent\" valign=\"top\">\n<p dir=\"ltr\"><strong>IMPORTANTE:<\/strong><\/p>\n<ul>\n<li dir=\"ltr\" aria-level=\"1\">\n<p dir=\"ltr\" role=\"presentation\">La Campa\u00f1a de Vacunaci\u00f3n Escolar es una medida instruida por la autoridad de Salud P\u00fablica y su aplicaci\u00f3n actual tiene car\u00e1cter\u00a0<strong>OBLIGATORIO, por lo que NO REQUIERE<\/strong>\u00a0la autorizaci\u00f3n de consentimiento informado de los padres y\/o apoderados, en conformidad con lo establecido en el art\u00edculo N\u00ba32 del C\u00f3digo Sanitario; del decreto N.\u00ba 68 que modifica el exento N\u00b050 a partir de diciembre del 2021.<\/p>\n<\/li>\n<li dir=\"ltr\" aria-level=\"1\">\n<p dir=\"ltr\" role=\"presentation\">De acuerdo al punto antes descrito,\u00a0<strong>se indica que todo estudiante que asista al establecimiento ser\u00e1 vacunado<\/strong>. Exceptuando aquellos estudiantes que tengan alguna contraindicaci\u00f3n m\u00e9dica debidamente informada.<\/p>\n<\/li>\n<\/ul>\n<ul>\n<li dir=\"ltr\" aria-level=\"1\">\n<p dir=\"ltr\" role=\"presentation\">Si existieran apoderados\/as que rechacen la vacunaci\u00f3n, estos deben hacerlo en forma presencial\u00a0<strong>(No por correo electr\u00f3nico)<\/strong>\u00a0en el vacunatorio del Centro de Salud o el mismo d\u00eda de la vacunaci\u00f3n en el Establecimiento Educacional, donde se les realizar\u00e1 una consejer\u00eda breve y deber\u00e1n firmar el documento habilitado por el Ministerio de Salud para dicho fin.<\/p>\n<\/li>\n<li dir=\"ltr\" aria-level=\"1\">\n<p dir=\"ltr\" role=\"presentation\">Por \u00faltimo, en caso de que existieran apoderados que desarrollan el proceso de vacunaci\u00f3n de sus hijos bajo otras alternativas a la escolar tales como: Directamente en Cesfam, vacunatorios privados, beneficios por empresas privadas o simplemente desean acompa\u00f1ar a sus hijos en el proceso de vacunaci\u00f3n etc.<\/p>\n<\/li>\n<\/ul>\n<p dir=\"ltr\">Ante cualquier duda, inquietud o informaci\u00f3n, favor transmitirla mediante los siguientes correos electr\u00f3nicos. (<strong>acarrillo@chb.cl &#8211; nsotelo@chb.cl<\/strong>\u00a0)<\/p>\n<p dir=\"ltr\">Atentamente,<\/p>\n<p dir=\"ltr\"><strong>Alejandro Carrillo N\u00fa\u00f1ez<br \/>\nInspector General<br \/>\nColegio Hispano Brit\u00e1nico<\/strong><\/p>\n<\/td>\n<\/tr>\n<\/tbody>\n<\/table>\n<\/td>\n<\/tr>\n<\/tbody>\n<\/table>\n<table class=\"mcnButtonBlock\" style=\"height: 97px; width: 100%;\" border=\"0\" width=\"100%\" cellspacing=\"0\" cellpadding=\"0\">\n<tbody class=\"mcnButtonBlockOuter\">\n<tr style=\"height: 97px;\">\n<td class=\"mcnButtonBlockInner\" style=\"height: 97px;\" align=\"center\" valign=\"top\">\n<table class=\"mcnButtonContentContainer alignleft\" border=\"0\" cellspacing=\"0\" cellpadding=\"0\">\n<tbody>\n<tr>\n<td class=\"mcnButtonContent\" align=\"center\" valign=\"middle\">\n<h2><a class=\"mcnButton \" title=\"Carta informativa a Apoderados Vacunacio\u0301n Escolar 2025\" href=\"https:\/\/www.chb.cl\/sitio\/wp-content\/uploads\/2025\/08\/Carta-informativa-a-Apoderados_Vacunacion-Escolar-2025-v2-Junio25.pdf\" target=\"_blank\" rel=\"noopener\">Carta informativa a Apoderados Vacunacio\u0301n Escolar 2025<\/a><\/h2>\n<\/td>\n<\/tr>\n<\/tbody>\n<\/table>\n<\/td>\n<\/tr>\n<\/tbody>\n<\/table>\n","protected":false},"excerpt":{"rendered":"<p>Estimados padres, madres y apoderados de los niveles 1\u00b0, 2\u00b0, 3\u00b0, 4\u00b0, 5\u00b0 y 8\u00b0 B\u00e1sico: A trav\u00e9s de la presente, informo a ustedes que, entre los d\u00edas lunes 18 [&hellip;]<\/p>\n","protected":false},"author":1,"featured_media":0,"comment_status":"closed","ping_status":"closed","sticky":false,"template":"","format":"standard","meta":{"_et_pb_use_builder":"","_et_pb_old_content":"","_et_gb_content_width":"","footnotes":""},"categories":[96],"tags":[],"class_list":["post-42740","post","type-post","status-publish","format-standard","hentry","category-circulares2025"],"_links":{"self":[{"href":"https:\/\/www.chb.cl\/sitio\/wp-json\/wp\/v2\/posts\/42740","targetHints":{"allow":["GET"]}}],"collection":[{"href":"https:\/\/www.chb.cl\/sitio\/wp-json\/wp\/v2\/posts"}],"about":[{"href":"https:\/\/www.chb.cl\/sitio\/wp-json\/wp\/v2\/types\/post"}],"author":[{"embeddable":true,"href":"https:\/\/www.chb.cl\/sitio\/wp-json\/wp\/v2\/users\/1"}],"replies":[{"embeddable":true,"href":"https:\/\/www.chb.cl\/sitio\/wp-json\/wp\/v2\/comments?post=42740"}],"version-history":[{"count":0,"href":"https:\/\/www.chb.cl\/sitio\/wp-json\/wp\/v2\/posts\/42740\/revisions"}],"wp:attachment":[{"href":"https:\/\/www.chb.cl\/sitio\/wp-json\/wp\/v2\/media?parent=42740"}],"wp:term":[{"taxonomy":"category","embeddable":true,"href":"https:\/\/www.chb.cl\/sitio\/wp-json\/wp\/v2\/categories?post=42740"},{"taxonomy":"post_tag","embeddable":true,"href":"https:\/\/www.chb.cl\/sitio\/wp-json\/wp\/v2\/tags?post=42740"}],"curies":[{"name":"wp","href":"https:\/\/api.w.org\/{rel}","templated":true}]}}