{"id":42745,"date":"2025-08-18T16:14:03","date_gmt":"2025-08-18T19:14:03","guid":{"rendered":"https:\/\/www.chb.cl\/sitio\/?p=42745"},"modified":"2025-08-18T16:14:07","modified_gmt":"2025-08-18T19:14:07","slug":"gran-exito-de-la-segunda-feria-circular-del-cgpma-chb","status":"publish","type":"post","link":"https:\/\/www.chb.cl\/sitio\/gran-exito-de-la-segunda-feria-circular-del-cgpma-chb\/","title":{"rendered":"Gran \u00e9xito de la Segunda Feria Circular del CGPMA CHB"},"content":{"rendered":"<p>[et_pb_section fb_built=\u00bb1&#8243; _builder_version=\u00bb4.16&#8243; global_colors_info=\u00bb{}\u00bb][et_pb_row _builder_version=\u00bb4.16&#8243; background_size=\u00bbinitial\u00bb background_position=\u00bbtop_left\u00bb background_repeat=\u00bbrepeat\u00bb global_colors_info=\u00bb{}\u00bb][et_pb_column type=\u00bb4_4&#8243; _builder_version=\u00bb4.16&#8243; custom_padding=\u00bb|||\u00bb global_colors_info=\u00bb{}\u00bb custom_padding__hover=\u00bb|||\u00bb][et_pb_text _builder_version=\u00bb4.16&#8243; background_size=\u00bbinitial\u00bb background_position=\u00bbtop_left\u00bb background_repeat=\u00bbrepeat\u00bb global_colors_info=\u00bb{}\u00bb]<span style=\"font-weight: 400;\">El pasado s\u00e1bado 16 de agosto, el Centro General de Padres, Madres y Apoderados del Colegio Hispano Brit\u00e1nico realiz\u00f3 con gran \u00e9xito la Segunda Feria Circular, una iniciativa que promueve la econom\u00eda sostenible al dar una segunda vida a ropa, disfraces, juguetes y libros.<\/span><\/p>\n<p><span style=\"font-weight: 400;\">La jornada, que se desarroll\u00f3 en un ambiente familiar y entretenido, cont\u00f3 con m\u00fasica en vivo, stands de venta, y diversas sorpresas para los asistentes. Familias, estudiantes y miembros de la comunidad CHB se reunieron para fomentar el consumo responsable y reducir el impacto ambiental, demostrando que la reutilizaci\u00f3n puede ser divertida y beneficiosa para todos.<\/span><\/p>\n<p><span style=\"font-weight: 400;\">Felicitamos a los organizadores y agradecemos a todos quienes participaron, contribuyendo a fortalecer los lazos comunitarios y el cuidado del medio ambiente.<\/span><\/p>\n<p style=\"text-align: center;\"><strong>\u00a1Los esperamos en la pr\u00f3xima edici\u00f3n de la Feria Circular CHB!<\/strong><\/p>\n<p>[\/et_pb_text][et_pb_gallery _builder_version=\u00bb4.27.4&#8243; _module_preset=\u00bbdefault\u00bb fullwidth=\u00bbon\u00bb auto=\u00bbon\u00bb auto_speed=\u00bb3000&#8243; gallery_ids=\u00bb42748,42749,42750,42751,42752,42753,42754&#8243; hover_enabled=\u00bb0&#8243; sticky_enabled=\u00bb0&#8243;][\/et_pb_gallery][\/et_pb_column][\/et_pb_row][\/et_pb_section]<\/p>\n","protected":false},"excerpt":{"rendered":"<p>El pasado s\u00e1bado 16 de agosto, el Centro General de Padres, Madres y Apoderados del Colegio Hispano Brit\u00e1nico realiz\u00f3 con gran \u00e9xito la Segunda Feria Circular, una iniciativa que promueve [&hellip;]<\/p>\n","protected":false},"author":1,"featured_media":42749,"comment_status":"closed","ping_status":"closed","sticky":false,"template":"","format":"standard","meta":{"_et_pb_use_builder":"on","_et_pb_old_content":"<p><span style=\"font-weight: 400;\">El pasado s\u00e1bado 16 de agosto, el Centro General de Padres, Madres y Apoderados del Colegio Hispano Brit\u00e1nico realiz\u00f3 con gran \u00e9xito la Segunda Feria Circular, una iniciativa que promueve la econom\u00eda sostenible al dar una segunda vida a ropa, disfraces, juguetes y libros.<\/span><\/p><p><span style=\"font-weight: 400;\">La jornada, que se desarroll\u00f3 en un ambiente familiar y entretenido, cont\u00f3 con m\u00fasica en vivo, stands de venta, y diversas sorpresas para los asistentes. Familias, estudiantes y miembros de la comunidad CHB se reunieron para fomentar el consumo responsable y reducir el impacto ambiental, demostrando que la reutilizaci\u00f3n puede ser divertida y beneficiosa para todos.<\/span><\/p><p><span style=\"font-weight: 400;\">Felicitamos a los organizadores y agradecemos a todos quienes participaron, contribuyendo a fortalecer los lazos comunitarios y el cuidado del medio ambiente.<\/span><\/p><p style=\"text-align: center;\"><strong>\u00a1Los esperamos en la pr\u00f3xima edici\u00f3n de la Feria Circular CHB!<\/strong><\/p>","_et_gb_content_width":"","footnotes":""},"categories":[1],"tags":[],"class_list":["post-42745","post","type-post","status-publish","format-standard","has-post-thumbnail","hentry","category-noticias"],"_links":{"self":[{"href":"https:\/\/www.chb.cl\/sitio\/wp-json\/wp\/v2\/posts\/42745","targetHints":{"allow":["GET"]}}],"collection":[{"href":"https:\/\/www.chb.cl\/sitio\/wp-json\/wp\/v2\/posts"}],"about":[{"href":"https:\/\/www.chb.cl\/sitio\/wp-json\/wp\/v2\/types\/post"}],"author":[{"embeddable":true,"href":"https:\/\/www.chb.cl\/sitio\/wp-json\/wp\/v2\/users\/1"}],"replies":[{"embeddable":true,"href":"https:\/\/www.chb.cl\/sitio\/wp-json\/wp\/v2\/comments?post=42745"}],"version-history":[{"count":0,"href":"https:\/\/www.chb.cl\/sitio\/wp-json\/wp\/v2\/posts\/42745\/revisions"}],"wp:featuredmedia":[{"embeddable":true,"href":"https:\/\/www.chb.cl\/sitio\/wp-json\/wp\/v2\/media\/42749"}],"wp:attachment":[{"href":"https:\/\/www.chb.cl\/sitio\/wp-json\/wp\/v2\/media?parent=42745"}],"wp:term":[{"taxonomy":"category","embeddable":true,"href":"https:\/\/www.chb.cl\/sitio\/wp-json\/wp\/v2\/categories?post=42745"},{"taxonomy":"post_tag","embeddable":true,"href":"https:\/\/www.chb.cl\/sitio\/wp-json\/wp\/v2\/tags?post=42745"}],"curies":[{"name":"wp","href":"https:\/\/api.w.org\/{rel}","templated":true}]}}