{"id":43015,"date":"2025-08-26T16:53:43","date_gmt":"2025-08-26T19:53:43","guid":{"rendered":"https:\/\/www.chb.cl\/sitio\/?p=43015"},"modified":"2025-09-04T16:53:57","modified_gmt":"2025-09-04T19:53:57","slug":"colecta-2025-escuela-especial-los-tamarugos","status":"publish","type":"post","link":"https:\/\/www.chb.cl\/sitio\/colecta-2025-escuela-especial-los-tamarugos\/","title":{"rendered":"Colecta 2025 Escuela Especial Los Tamarugos"},"content":{"rendered":"<p dir=\"ltr\">Estimada Comunidad Hispano Brit\u00e1nico:<\/p>\n<p>Quisiera invitarlos a participar en la Colecta de la Escuela Especial Los Tamarugos, que se realizar\u00e1 el pr\u00f3ximo\u00a0<strong>jueves 28 de agosto<\/strong>, ese d\u00eda se recibir\u00e1 el aporte de cada familia a trav\u00e9s de los sobres que se enviar\u00e1n a sus hogares ma\u00f1ana, \u00e9stos deben venir sellados.<\/p>\n<p>La Escuela Especial Los Tamarugos es un centro de educaci\u00f3n especial en Iquique, que pertenece a la Fundaci\u00f3n Coanil, dedicada a la atenci\u00f3n de estudiantes con discapacidad intelectual. Ofrece educaci\u00f3n gratuita a ni\u00f1os y j\u00f3venes de entre 4 y 26 a\u00f1os con distintos niveles de discapacidad, centr\u00e1ndose en desarrollar su autonom\u00eda e independencia.<\/p>\n<p>Como instituci\u00f3n educativa, queremos hacernos presentes, invitando a nuestra comunidad a ser part\u00edcipes de esta noble causa de apoyar a quienes lo necesitan.<\/p>\n<p dir=\"ltr\"><strong>\u201cLa prueba de nuestro progreso no es si nos unimos a la abundancia de quienes tienen m\u00e1s. Es si damos lo suficiente a aquellos que tienen poco.\u201d<\/strong>\u00a0<strong>Franklin D. Roosevelt.<\/strong><\/p>\n<p dir=\"ltr\">Atentamente,<\/p>\n<p dir=\"ltr\"><strong>Jos\u00e9 T\u00e9llez Morales<br \/>\nDirector<br \/>\nColegio Hispano Brit\u00e1nico<\/strong><\/p>\n","protected":false},"excerpt":{"rendered":"<p>Estimada Comunidad Hispano Brit\u00e1nico: Quisiera invitarlos a participar en la Colecta de la Escuela Especial Los Tamarugos, que se realizar\u00e1 el pr\u00f3ximo\u00a0jueves 28 de agosto, ese d\u00eda se recibir\u00e1 el [&hellip;]<\/p>\n","protected":false},"author":1,"featured_media":0,"comment_status":"closed","ping_status":"closed","sticky":false,"template":"","format":"standard","meta":{"_et_pb_use_builder":"","_et_pb_old_content":"","_et_gb_content_width":"","footnotes":""},"categories":[96],"tags":[],"class_list":["post-43015","post","type-post","status-publish","format-standard","hentry","category-circulares2025"],"_links":{"self":[{"href":"https:\/\/www.chb.cl\/sitio\/wp-json\/wp\/v2\/posts\/43015","targetHints":{"allow":["GET"]}}],"collection":[{"href":"https:\/\/www.chb.cl\/sitio\/wp-json\/wp\/v2\/posts"}],"about":[{"href":"https:\/\/www.chb.cl\/sitio\/wp-json\/wp\/v2\/types\/post"}],"author":[{"embeddable":true,"href":"https:\/\/www.chb.cl\/sitio\/wp-json\/wp\/v2\/users\/1"}],"replies":[{"embeddable":true,"href":"https:\/\/www.chb.cl\/sitio\/wp-json\/wp\/v2\/comments?post=43015"}],"version-history":[{"count":0,"href":"https:\/\/www.chb.cl\/sitio\/wp-json\/wp\/v2\/posts\/43015\/revisions"}],"wp:attachment":[{"href":"https:\/\/www.chb.cl\/sitio\/wp-json\/wp\/v2\/media?parent=43015"}],"wp:term":[{"taxonomy":"category","embeddable":true,"href":"https:\/\/www.chb.cl\/sitio\/wp-json\/wp\/v2\/categories?post=43015"},{"taxonomy":"post_tag","embeddable":true,"href":"https:\/\/www.chb.cl\/sitio\/wp-json\/wp\/v2\/tags?post=43015"}],"curies":[{"name":"wp","href":"https:\/\/api.w.org\/{rel}","templated":true}]}}