{"id":43025,"date":"2025-08-28T16:56:30","date_gmt":"2025-08-28T19:56:30","guid":{"rendered":"https:\/\/www.chb.cl\/sitio\/?p=43025"},"modified":"2025-09-04T16:56:58","modified_gmt":"2025-09-04T19:56:58","slug":"once-solidaria","status":"publish","type":"post","link":"https:\/\/www.chb.cl\/sitio\/once-solidaria\/","title":{"rendered":"Once Solidaria"},"content":{"rendered":"<p dir=\"ltr\">Estimada Comunidad Hispano Brit\u00e1nico:<\/p>\n<p dir=\"ltr\">Con mucha alegr\u00eda, el Equipo de Acci\u00f3n Solidaria quisiera compartir con ustedes que el pasado lunes 25 de agosto, en coordinaci\u00f3n con la parroquia San Alberto Hurtado y el Centro de Salud Familiar Sur (CESFAM SUR) se realiz\u00f3 nuestra primera Once Solidaria; iniciativa que estuvo dirigida a ni\u00f1os y ni\u00f1as de escasos recursos de Iquique, con el prop\u00f3sito de promover un espacio de apoyo rec\u00edproco entre la infancia, estudiantes, familias y la comunidad del sector sur de la ciudad.<\/p>\n<p dir=\"ltr\">A trav\u00e9s de acciones como esta, buscamos favorecer el fortalecimiento integral de la infancia, impulsando el desarrollo de habilidades, valores prosociales y la vivencia de la solidaridad como una experiencia transformadora.<\/p>\n<p dir=\"ltr\">El trabajo de un gran equipo hizo posible que este proyecto inicie con \u00e9xito, reflejando el esp\u00edritu solidario que caracteriza a nuestra comunidad.<\/p>\n<p dir=\"ltr\">Esperamos dar continuidad a esta iniciativa realiz\u00e1ndose todos los lunes, desde las 17:30 horas, a cargo de los distintos niveles de nuestro Colegio y Jard\u00edn Infantil. Invitamos a todos a sumarse y ser parte de esta noble causa a trav\u00e9s de cada directiva de curso, quienes con el apoyo del Centro General de Padres, Madres y Apoderados se organizar\u00e1n para cada semana.<\/p>\n<p dir=\"ltr\">Quedamos atentos para construir juntos oportunidades para quienes m\u00e1s lo necesitan.<\/p>\n<p dir=\"ltr\">Un fuerte abrazo,<\/p>\n<p dir=\"ltr\"><strong>Equipo de Acci\u00f3n Solidaria<br \/>\nHispano Brit\u00e1nico<br \/>\nIquique<\/strong><\/p>\n","protected":false},"excerpt":{"rendered":"<p>Estimada Comunidad Hispano Brit\u00e1nico: Con mucha alegr\u00eda, el Equipo de Acci\u00f3n Solidaria quisiera compartir con ustedes que el pasado lunes 25 de agosto, en coordinaci\u00f3n con la parroquia San Alberto [&hellip;]<\/p>\n","protected":false},"author":1,"featured_media":0,"comment_status":"closed","ping_status":"closed","sticky":false,"template":"","format":"standard","meta":{"_et_pb_use_builder":"","_et_pb_old_content":"","_et_gb_content_width":"","footnotes":""},"categories":[96],"tags":[],"class_list":["post-43025","post","type-post","status-publish","format-standard","hentry","category-circulares2025"],"_links":{"self":[{"href":"https:\/\/www.chb.cl\/sitio\/wp-json\/wp\/v2\/posts\/43025","targetHints":{"allow":["GET"]}}],"collection":[{"href":"https:\/\/www.chb.cl\/sitio\/wp-json\/wp\/v2\/posts"}],"about":[{"href":"https:\/\/www.chb.cl\/sitio\/wp-json\/wp\/v2\/types\/post"}],"author":[{"embeddable":true,"href":"https:\/\/www.chb.cl\/sitio\/wp-json\/wp\/v2\/users\/1"}],"replies":[{"embeddable":true,"href":"https:\/\/www.chb.cl\/sitio\/wp-json\/wp\/v2\/comments?post=43025"}],"version-history":[{"count":0,"href":"https:\/\/www.chb.cl\/sitio\/wp-json\/wp\/v2\/posts\/43025\/revisions"}],"wp:attachment":[{"href":"https:\/\/www.chb.cl\/sitio\/wp-json\/wp\/v2\/media?parent=43025"}],"wp:term":[{"taxonomy":"category","embeddable":true,"href":"https:\/\/www.chb.cl\/sitio\/wp-json\/wp\/v2\/categories?post=43025"},{"taxonomy":"post_tag","embeddable":true,"href":"https:\/\/www.chb.cl\/sitio\/wp-json\/wp\/v2\/tags?post=43025"}],"curies":[{"name":"wp","href":"https:\/\/api.w.org\/{rel}","templated":true}]}}