{"id":43099,"date":"2025-09-08T17:29:07","date_gmt":"2025-09-08T20:29:07","guid":{"rendered":"https:\/\/www.chb.cl\/sitio\/?p=43099"},"modified":"2025-09-08T17:30:31","modified_gmt":"2025-09-08T20:30:31","slug":"comunicado-2025-fiestas-patrias","status":"publish","type":"post","link":"https:\/\/www.chb.cl\/sitio\/comunicado-2025-fiestas-patrias\/","title":{"rendered":"Comunicado 2025 FIESTAS PATRIAS"},"content":{"rendered":"<table style=\"font-weight: 400;\" width=\"100%\">\n<tbody>\n<tr>\n<td>\n<table width=\"100%\">\n<tbody>\n<tr>\n<td>Estimados Padres, Madres y Apoderados<\/p>\n<p>A trav\u00e9s de la presente, se informa que, en el contexto de reconocer las bases de la identidad nacional, los niveles de Educaci\u00f3n B\u00e1sica y Media desarrollar\u00e1n, durante los d\u00edas jueves 11 y viernes 12 de septiembre, actividades para celebrar nuestras fiestas patrias.<\/p>\n<p><strong>Educaci\u00f3n B\u00e1sica:<\/strong><\/td>\n<\/tr>\n<\/tbody>\n<\/table>\n<\/td>\n<\/tr>\n<\/tbody>\n<\/table>\n<table style=\"font-weight: 400;\" width=\"100%\">\n<tbody>\n<tr>\n<td>\n<table width=\"100%\">\n<tbody>\n<tr>\n<td><img loading=\"lazy\" decoding=\"async\" class=\"alignnone size-full wp-image-43101\" src=\"https:\/\/www.chb.cl\/sitio\/wp-content\/uploads\/2025\/09\/Captura-de-pantalla-2025-09-08-103143.png\" alt=\"\" width=\"997\" height=\"379\" srcset=\"https:\/\/www.chb.cl\/sitio\/wp-content\/uploads\/2025\/09\/Captura-de-pantalla-2025-09-08-103143.png 997w, https:\/\/www.chb.cl\/sitio\/wp-content\/uploads\/2025\/09\/Captura-de-pantalla-2025-09-08-103143-980x373.png 980w, https:\/\/www.chb.cl\/sitio\/wp-content\/uploads\/2025\/09\/Captura-de-pantalla-2025-09-08-103143-480x182.png 480w\" sizes=\"(min-width: 0px) and (max-width: 480px) 480px, (min-width: 481px) and (max-width: 980px) 980px, (min-width: 981px) 997px, 100vw\" \/><\/td>\n<\/tr>\n<\/tbody>\n<\/table>\n<\/td>\n<\/tr>\n<\/tbody>\n<\/table>\n<table style=\"font-weight: 400;\" width=\"100%\">\n<tbody>\n<tr>\n<td>\n<table width=\"100%\">\n<tbody>\n<tr>\n<td><strong>Educaci\u00f3n Media:<\/strong><\/td>\n<\/tr>\n<\/tbody>\n<\/table>\n<\/td>\n<\/tr>\n<\/tbody>\n<\/table>\n<table style=\"font-weight: 400;\" width=\"100%\">\n<tbody>\n<tr>\n<td>\n<table width=\"100%\">\n<tbody>\n<tr>\n<td><img loading=\"lazy\" decoding=\"async\" class=\"alignnone size-full wp-image-43102\" src=\"https:\/\/www.chb.cl\/sitio\/wp-content\/uploads\/2025\/09\/Captura-de-pantalla-2025-09-08-103154.png\" alt=\"\" width=\"995\" height=\"407\" srcset=\"https:\/\/www.chb.cl\/sitio\/wp-content\/uploads\/2025\/09\/Captura-de-pantalla-2025-09-08-103154.png 995w, https:\/\/www.chb.cl\/sitio\/wp-content\/uploads\/2025\/09\/Captura-de-pantalla-2025-09-08-103154-980x401.png 980w, https:\/\/www.chb.cl\/sitio\/wp-content\/uploads\/2025\/09\/Captura-de-pantalla-2025-09-08-103154-480x196.png 480w\" sizes=\"(min-width: 0px) and (max-width: 480px) 480px, (min-width: 481px) and (max-width: 980px) 980px, (min-width: 981px) 995px, 100vw\" \/><\/td>\n<\/tr>\n<\/tbody>\n<\/table>\n<\/td>\n<\/tr>\n<\/tbody>\n<\/table>\n<table style=\"font-weight: 400;\" width=\"100%\">\n<tbody>\n<tr>\n<td>\n<table width=\"100%\">\n<tbody>\n<tr>\n<td><strong>IMPORTANTE<\/strong>:<\/p>\n<ul>\n<li aria-level=\"1\">Ingreso de apoderados a presentaciones: Se permitir\u00e1 el ingreso de dos apoderados por estudiante, de acuerdo con el horario indicado para cada presentaci\u00f3n.<\/li>\n<li aria-level=\"1\">Los d\u00edas mi\u00e9rcoles 10, jueves 11 y viernes 12 de septiembre se suspenden las clases de deportes en horario de tarde.<\/li>\n<li aria-level=\"1\">El d\u00eda viernes 12 de septiembre, como alternativa al uso de uniforme, los estudiantes podr\u00e1n asistir con traje t\u00edpico de libre elecci\u00f3n. Del mismo modo, se podr\u00e1 asistir con buzo del establecimiento.<\/li>\n<li aria-level=\"1\">Desde el d\u00eda lunes 15 al viernes 19 de septiembre, no se realizar\u00e1n clases para estudiantes, ni talleres extraescolares por receso de Fiestas Patrias.<\/li>\n<li aria-level=\"1\">Los d\u00edas 15, 16 y 17 de septiembre, entre las 08:00 y 13:00 horas, el Colegio continuar\u00e1 con el proceso de matr\u00edcula, para los apoderados que hayan agendado.<\/li>\n<li aria-level=\"1\">Las clases se retomar\u00e1n el d\u00eda lunes 22 de septiembre.<\/li>\n<\/ul>\n<\/td>\n<\/tr>\n<\/tbody>\n<\/table>\n<\/td>\n<\/tr>\n<\/tbody>\n<\/table>\n<table style=\"font-weight: 400;\" width=\"100%\">\n<tbody>\n<tr>\n<td>\n<table width=\"100%\">\n<tbody>\n<tr>\n<td>Saluda atentamente.<\/p>\n<p><strong>INSPECTOR\u00cdA GENERAL<br \/>\nEd. B\u00e1sica y Ed Media<\/strong><\/td>\n<\/tr>\n<\/tbody>\n<\/table>\n<\/td>\n<\/tr>\n<\/tbody>\n<\/table>\n","protected":false},"excerpt":{"rendered":"<p>Estimados Padres, Madres y Apoderados A trav\u00e9s de la presente, se informa que, en el contexto de reconocer las bases de la identidad nacional, los niveles de Educaci\u00f3n B\u00e1sica y [&hellip;]<\/p>\n","protected":false},"author":1,"featured_media":0,"comment_status":"closed","ping_status":"closed","sticky":false,"template":"","format":"standard","meta":{"_et_pb_use_builder":"","_et_pb_old_content":"","_et_gb_content_width":"","footnotes":""},"categories":[96],"tags":[],"class_list":["post-43099","post","type-post","status-publish","format-standard","hentry","category-circulares2025"],"_links":{"self":[{"href":"https:\/\/www.chb.cl\/sitio\/wp-json\/wp\/v2\/posts\/43099","targetHints":{"allow":["GET"]}}],"collection":[{"href":"https:\/\/www.chb.cl\/sitio\/wp-json\/wp\/v2\/posts"}],"about":[{"href":"https:\/\/www.chb.cl\/sitio\/wp-json\/wp\/v2\/types\/post"}],"author":[{"embeddable":true,"href":"https:\/\/www.chb.cl\/sitio\/wp-json\/wp\/v2\/users\/1"}],"replies":[{"embeddable":true,"href":"https:\/\/www.chb.cl\/sitio\/wp-json\/wp\/v2\/comments?post=43099"}],"version-history":[{"count":0,"href":"https:\/\/www.chb.cl\/sitio\/wp-json\/wp\/v2\/posts\/43099\/revisions"}],"wp:attachment":[{"href":"https:\/\/www.chb.cl\/sitio\/wp-json\/wp\/v2\/media?parent=43099"}],"wp:term":[{"taxonomy":"category","embeddable":true,"href":"https:\/\/www.chb.cl\/sitio\/wp-json\/wp\/v2\/categories?post=43099"},{"taxonomy":"post_tag","embeddable":true,"href":"https:\/\/www.chb.cl\/sitio\/wp-json\/wp\/v2\/tags?post=43099"}],"curies":[{"name":"wp","href":"https:\/\/api.w.org\/{rel}","templated":true}]}}