{"id":43150,"date":"2025-09-11T09:46:19","date_gmt":"2025-09-11T12:46:19","guid":{"rendered":"https:\/\/www.chb.cl\/sitio\/?p=43150"},"modified":"2025-09-12T09:49:21","modified_gmt":"2025-09-12T12:49:21","slug":"5a-6a6c-taller-de-recuperacion-y-reforzamiento-de-matematica","status":"publish","type":"post","link":"https:\/\/www.chb.cl\/sitio\/5a-6a6c-taller-de-recuperacion-y-reforzamiento-de-matematica\/","title":{"rendered":"5\u00b0A, 6\u00b0A,6\u00b0C &#8211; Taller de recuperaci\u00f3n y reforzamiento de matem\u00e1tica"},"content":{"rendered":"<table class=\"mcnTextBlock\" border=\"0\" width=\"100%\" cellspacing=\"0\" cellpadding=\"0\">\n<tbody class=\"mcnTextBlockOuter\">\n<tr>\n<td class=\"mcnTextBlockInner\" valign=\"top\">\n<table class=\"mcnTextContentContainer\" border=\"0\" width=\"100%\" cellspacing=\"0\" cellpadding=\"0\" align=\"left\">\n<tbody>\n<tr>\n<td class=\"mcnTextContent\" valign=\"top\">\n<p dir=\"ltr\">Estimados padres, madres y apoderados de los cursos 5\u00b0A, 6\u00b0A y 6\u00b0C:<\/p>\n<p dir=\"ltr\">Se informa que, a ra\u00edz de los cambios de profesores de matem\u00e1tica de los cursos indicados, se ha dispuesto la implementaci\u00f3n de un Plan recuperativo y de reforzamiento en la asignatura,\u00a0 con el prop\u00f3sito de resguardar la continuidad pedag\u00f3gica, nivelar contenidos y asegurar los aprendizajes esperados en el per\u00edodo restante.<\/p>\n<p dir=\"ltr\"><strong>HORARIOS DE TALLERES RECUPERATIVOS MATEM\u00c1TICA<br \/>\nSEGUNDO SEMESTRE 2025<\/strong><\/p>\n<p dir=\"ltr\"><strong>PROFESORA:<\/strong>\u00a0Berenice Soza<\/p>\n<\/td>\n<\/tr>\n<\/tbody>\n<\/table>\n<\/td>\n<\/tr>\n<\/tbody>\n<\/table>\n<table class=\"mcnImageBlock\" border=\"0\" width=\"100%\" cellspacing=\"0\" cellpadding=\"0\">\n<tbody class=\"mcnImageBlockOuter\">\n<tr>\n<td class=\"mcnImageBlockInner\" valign=\"top\">\n<table class=\"mcnImageContentContainer\" border=\"0\" width=\"100%\" cellspacing=\"0\" cellpadding=\"0\" align=\"left\">\n<tbody>\n<tr>\n<td class=\"mcnImageContent\" valign=\"top\"><img decoding=\"async\" class=\"mcnImage\" src=\"https:\/\/mcusercontent.com\/312f5996e69f1a9a58475a471\/images\/4eb0bc6d-03ff-b01a-e290-3e3d3835d6c1.png\" alt=\"\" width=\"563.9999389648438\" align=\"center\" \/><\/td>\n<\/tr>\n<\/tbody>\n<\/table>\n<\/td>\n<\/tr>\n<\/tbody>\n<\/table>\n<table class=\"mcnTextBlock\" border=\"0\" width=\"100%\" cellspacing=\"0\" cellpadding=\"0\">\n<tbody class=\"mcnTextBlockOuter\">\n<tr>\n<td class=\"mcnTextBlockInner\" valign=\"top\">\n<table class=\"mcnTextContentContainer\" border=\"0\" width=\"100%\" cellspacing=\"0\" cellpadding=\"0\" align=\"left\">\n<tbody>\n<tr>\n<td class=\"mcnTextContent\" valign=\"top\">\n<p dir=\"ltr\"><strong>OBSERVACI\u00d3N:<\/strong><\/p>\n<p dir=\"ltr\"><strong>6\u00b0A: La clase de Ed. F\u00edsica de los d\u00edas martes se modifica para los d\u00edas viernes\u00a0 a las 13:00 hrs. (en el tiempo estipulado para la realizaci\u00f3n del taller).<\/strong><\/p>\n<p dir=\"ltr\">Desde ya, muchas gracias por su disposici\u00f3n y compromiso con el bienestar acad\u00e9mico de nuestros estudiantes.<\/p>\n<p dir=\"ltr\">Atentamente,<\/p>\n<p dir=\"ltr\"><strong>Jessica Pe\u00f1ailillo L.<br \/>\nJefe Unidad T\u00e9cnico Pedag\u00f3gica<br \/>\nEd. B\u00e1sica<\/strong><\/p>\n<\/td>\n<\/tr>\n<\/tbody>\n<\/table>\n<\/td>\n<\/tr>\n<\/tbody>\n<\/table>\n","protected":false},"excerpt":{"rendered":"<p>Estimados padres, madres y apoderados de los cursos 5\u00b0A, 6\u00b0A y 6\u00b0C: Se informa que, a ra\u00edz de los cambios de profesores de matem\u00e1tica de los cursos indicados, se ha [&hellip;]<\/p>\n","protected":false},"author":1,"featured_media":0,"comment_status":"closed","ping_status":"closed","sticky":false,"template":"","format":"standard","meta":{"_et_pb_use_builder":"","_et_pb_old_content":"","_et_gb_content_width":"","footnotes":""},"categories":[96],"tags":[],"class_list":["post-43150","post","type-post","status-publish","format-standard","hentry","category-circulares2025"],"_links":{"self":[{"href":"https:\/\/www.chb.cl\/sitio\/wp-json\/wp\/v2\/posts\/43150","targetHints":{"allow":["GET"]}}],"collection":[{"href":"https:\/\/www.chb.cl\/sitio\/wp-json\/wp\/v2\/posts"}],"about":[{"href":"https:\/\/www.chb.cl\/sitio\/wp-json\/wp\/v2\/types\/post"}],"author":[{"embeddable":true,"href":"https:\/\/www.chb.cl\/sitio\/wp-json\/wp\/v2\/users\/1"}],"replies":[{"embeddable":true,"href":"https:\/\/www.chb.cl\/sitio\/wp-json\/wp\/v2\/comments?post=43150"}],"version-history":[{"count":0,"href":"https:\/\/www.chb.cl\/sitio\/wp-json\/wp\/v2\/posts\/43150\/revisions"}],"wp:attachment":[{"href":"https:\/\/www.chb.cl\/sitio\/wp-json\/wp\/v2\/media?parent=43150"}],"wp:term":[{"taxonomy":"category","embeddable":true,"href":"https:\/\/www.chb.cl\/sitio\/wp-json\/wp\/v2\/categories?post=43150"},{"taxonomy":"post_tag","embeddable":true,"href":"https:\/\/www.chb.cl\/sitio\/wp-json\/wp\/v2\/tags?post=43150"}],"curies":[{"name":"wp","href":"https:\/\/api.w.org\/{rel}","templated":true}]}}