{"id":43397,"date":"2025-09-25T10:37:08","date_gmt":"2025-09-25T13:37:08","guid":{"rendered":"https:\/\/www.chb.cl\/sitio\/?p=43397"},"modified":"2025-10-06T10:38:51","modified_gmt":"2025-10-06T13:38:51","slug":"5b-informa-ausencia-de-profesora","status":"publish","type":"post","link":"https:\/\/www.chb.cl\/sitio\/5b-informa-ausencia-de-profesora\/","title":{"rendered":"5\u00b0B &#8211; Informa ausencia de Profesora"},"content":{"rendered":"<table class=\"mcnTextBlock\" border=\"0\" width=\"100%\" cellspacing=\"0\" cellpadding=\"0\">\n<tbody class=\"mcnTextBlockOuter\">\n<tr>\n<td class=\"mcnTextBlockInner\" valign=\"top\">\n<table class=\"mcnTextContentContainer\" border=\"0\" width=\"100%\" cellspacing=\"0\" cellpadding=\"0\" align=\"left\">\n<tbody>\n<tr>\n<td class=\"mcnTextContent\" valign=\"top\">\n<div><strong>Informa ausencia de Profesora<\/strong><\/div>\n<\/td>\n<\/tr>\n<\/tbody>\n<\/table>\n<\/td>\n<\/tr>\n<\/tbody>\n<\/table>\n<table class=\"mcnTextBlock\" border=\"0\" width=\"100%\" cellspacing=\"0\" cellpadding=\"0\">\n<tbody class=\"mcnTextBlockOuter\">\n<tr>\n<td class=\"mcnTextBlockInner\" valign=\"top\">\n<table class=\"mcnTextContentContainer\" border=\"0\" width=\"100%\" cellspacing=\"0\" cellpadding=\"0\" align=\"left\">\n<tbody>\n<tr>\n<td class=\"mcnTextContent\" valign=\"top\">\n<p dir=\"ltr\">\n<p dir=\"ltr\">\n<p dir=\"ltr\">Estimados apoderados:<\/p>\n<p dir=\"ltr\">Se informa que la profesora Jefe de este curso y docente titular de la asignatura de Lenguaje, docente Priscilla Hern\u00e1ndez, se encuentra ausente debido a una licencia m\u00e9dica entre los d\u00edas 24 de septiembre y 10 de octubre.<\/p>\n<p dir=\"ltr\">Durante este per\u00edodo, el curso ser\u00e1 atendido tanto en la jefatura de curso, como en la asignatura de lenguaje, por la docente Sandy Venegas, quien ha asumido la continuidad del trabajo pedag\u00f3gico. Las clases se est\u00e1n desarrollando con normalidad, siguiendo la planificaci\u00f3n establecida por el Colegio, y el ingreso de material en el aula virtual contin\u00faa realiz\u00e1ndose conforme a lo programado.<\/p>\n<p dir=\"ltr\">Para cualquier consulta, pueden comunicarse directamente con la Unidad T\u00e9cnico Pedag\u00f3gica al correo: jpenailillo@chb.cl<\/p>\n<p dir=\"ltr\">Agradecemos su comprensi\u00f3n y apoyo.<\/p>\n<p dir=\"ltr\">Sin otro particular, se despide atentamente,<\/p>\n<p dir=\"ltr\"><strong>Jessica Pe\u00f1ailillo Leiva<br \/>\nJefe Unidad T\u00e9cnico Pedag\u00f3gica<br \/>\nEducaci\u00f3n B\u00e1sica<\/strong><\/p>\n<\/td>\n<\/tr>\n<\/tbody>\n<\/table>\n<\/td>\n<\/tr>\n<\/tbody>\n<\/table>\n","protected":false},"excerpt":{"rendered":"<p>Informa ausencia de Profesora Estimados apoderados: Se informa que la profesora Jefe de este curso y docente titular de la asignatura de Lenguaje, docente Priscilla Hern\u00e1ndez, se encuentra ausente debido [&hellip;]<\/p>\n","protected":false},"author":1,"featured_media":0,"comment_status":"closed","ping_status":"closed","sticky":false,"template":"","format":"standard","meta":{"_et_pb_use_builder":"","_et_pb_old_content":"","_et_gb_content_width":"","footnotes":""},"categories":[96],"tags":[],"class_list":["post-43397","post","type-post","status-publish","format-standard","hentry","category-circulares2025"],"_links":{"self":[{"href":"https:\/\/www.chb.cl\/sitio\/wp-json\/wp\/v2\/posts\/43397","targetHints":{"allow":["GET"]}}],"collection":[{"href":"https:\/\/www.chb.cl\/sitio\/wp-json\/wp\/v2\/posts"}],"about":[{"href":"https:\/\/www.chb.cl\/sitio\/wp-json\/wp\/v2\/types\/post"}],"author":[{"embeddable":true,"href":"https:\/\/www.chb.cl\/sitio\/wp-json\/wp\/v2\/users\/1"}],"replies":[{"embeddable":true,"href":"https:\/\/www.chb.cl\/sitio\/wp-json\/wp\/v2\/comments?post=43397"}],"version-history":[{"count":0,"href":"https:\/\/www.chb.cl\/sitio\/wp-json\/wp\/v2\/posts\/43397\/revisions"}],"wp:attachment":[{"href":"https:\/\/www.chb.cl\/sitio\/wp-json\/wp\/v2\/media?parent=43397"}],"wp:term":[{"taxonomy":"category","embeddable":true,"href":"https:\/\/www.chb.cl\/sitio\/wp-json\/wp\/v2\/categories?post=43397"},{"taxonomy":"post_tag","embeddable":true,"href":"https:\/\/www.chb.cl\/sitio\/wp-json\/wp\/v2\/tags?post=43397"}],"curies":[{"name":"wp","href":"https:\/\/api.w.org\/{rel}","templated":true}]}}