{"id":43401,"date":"2025-09-29T10:40:08","date_gmt":"2025-09-29T13:40:08","guid":{"rendered":"https:\/\/www.chb.cl\/sitio\/?p=43401"},"modified":"2025-10-06T10:40:38","modified_gmt":"2025-10-06T13:40:38","slug":"periodo-excepcional-de-regularizacion-de-matricula","status":"publish","type":"post","link":"https:\/\/www.chb.cl\/sitio\/periodo-excepcional-de-regularizacion-de-matricula\/","title":{"rendered":"Periodo excepcional de regularizaci\u00f3n de matr\u00edcula"},"content":{"rendered":"<table class=\"mcnTextBlock\" border=\"0\" width=\"100%\" cellspacing=\"0\" cellpadding=\"0\">\n<tbody class=\"mcnTextBlockOuter\">\n<tr>\n<td class=\"mcnTextBlockInner\" valign=\"top\">\n<table class=\"mcnTextContentContainer\" border=\"0\" width=\"100%\" cellspacing=\"0\" cellpadding=\"0\" align=\"left\">\n<tbody>\n<tr>\n<td class=\"mcnTextContent\" valign=\"top\">\n<div><strong>Periodo excepcional de regularizaci\u00f3n de matr\u00edcula<\/strong><\/div>\n<\/td>\n<\/tr>\n<\/tbody>\n<\/table>\n<\/td>\n<\/tr>\n<\/tbody>\n<\/table>\n<table class=\"mcnTextBlock\" border=\"0\" width=\"100%\" cellspacing=\"0\" cellpadding=\"0\">\n<tbody class=\"mcnTextBlockOuter\">\n<tr>\n<td class=\"mcnTextBlockInner\" valign=\"top\">\n<table class=\"mcnTextContentContainer\" border=\"0\" width=\"100%\" cellspacing=\"0\" cellpadding=\"0\" align=\"left\">\n<tbody>\n<tr>\n<td class=\"mcnTextContent\" valign=\"top\">\n<p dir=\"ltr\">Estimadas familias,<\/p>\n<p dir=\"ltr\">Junto con saludar, informamos que el plazo oficial para el proceso de matr\u00edcula correspondiente al a\u00f1o acad\u00e9mico 2026 finaliz\u00f3 el pasado viernes 26 de septiembre.<\/p>\n<p dir=\"ltr\">No obstante, considerando los requerimientos de algunas familias que no han podido completar el procedimiento dentro del plazo establecido, el Colegio ha dispuesto un periodo excepcional de regularizaci\u00f3n de matr\u00edcula, el cual se extender\u00e1 hasta el pr\u00f3ximo viernes 03 de octubre, entre las 08:00 a 14:00 horas.<\/p>\n<p dir=\"ltr\">Es importante se\u00f1alar que, posterior a esta fecha, las matr\u00edculas fuera de plazo no garantizan la reserva del cupo del estudiante para el a\u00f1o 2026 o la mantenci\u00f3n en su curso original, por lo que solicitamos encarecidamente completar este tr\u00e1mite dentro del periodo se\u00f1alado.<\/p>\n<p dir=\"ltr\">Agradecemos su atenci\u00f3n y compromiso con este proceso.<\/p>\n<p dir=\"ltr\">Atentamente,<\/p>\n<p dir=\"ltr\"><strong>Jos\u00e9 Antonio T\u00e9llez Morales<br \/>\nDirector<br \/>\nColegio Hispano Brit\u00e1nico<\/strong><\/p>\n<\/td>\n<\/tr>\n<\/tbody>\n<\/table>\n<\/td>\n<\/tr>\n<\/tbody>\n<\/table>\n","protected":false},"excerpt":{"rendered":"<p>Periodo excepcional de regularizaci\u00f3n de matr\u00edcula Estimadas familias, Junto con saludar, informamos que el plazo oficial para el proceso de matr\u00edcula correspondiente al a\u00f1o acad\u00e9mico 2026 finaliz\u00f3 el pasado viernes [&hellip;]<\/p>\n","protected":false},"author":1,"featured_media":0,"comment_status":"closed","ping_status":"closed","sticky":false,"template":"","format":"standard","meta":{"_et_pb_use_builder":"","_et_pb_old_content":"","_et_gb_content_width":"","footnotes":""},"categories":[96],"tags":[],"class_list":["post-43401","post","type-post","status-publish","format-standard","hentry","category-circulares2025"],"_links":{"self":[{"href":"https:\/\/www.chb.cl\/sitio\/wp-json\/wp\/v2\/posts\/43401","targetHints":{"allow":["GET"]}}],"collection":[{"href":"https:\/\/www.chb.cl\/sitio\/wp-json\/wp\/v2\/posts"}],"about":[{"href":"https:\/\/www.chb.cl\/sitio\/wp-json\/wp\/v2\/types\/post"}],"author":[{"embeddable":true,"href":"https:\/\/www.chb.cl\/sitio\/wp-json\/wp\/v2\/users\/1"}],"replies":[{"embeddable":true,"href":"https:\/\/www.chb.cl\/sitio\/wp-json\/wp\/v2\/comments?post=43401"}],"version-history":[{"count":0,"href":"https:\/\/www.chb.cl\/sitio\/wp-json\/wp\/v2\/posts\/43401\/revisions"}],"wp:attachment":[{"href":"https:\/\/www.chb.cl\/sitio\/wp-json\/wp\/v2\/media?parent=43401"}],"wp:term":[{"taxonomy":"category","embeddable":true,"href":"https:\/\/www.chb.cl\/sitio\/wp-json\/wp\/v2\/categories?post=43401"},{"taxonomy":"post_tag","embeddable":true,"href":"https:\/\/www.chb.cl\/sitio\/wp-json\/wp\/v2\/tags?post=43401"}],"curies":[{"name":"wp","href":"https:\/\/api.w.org\/{rel}","templated":true}]}}