{"id":43403,"date":"2025-09-29T10:41:10","date_gmt":"2025-09-29T13:41:10","guid":{"rendered":"https:\/\/www.chb.cl\/sitio\/?p=43403"},"modified":"2025-10-06T10:41:36","modified_gmt":"2025-10-06T13:41:36","slug":"7d-8a-8b-8c-8d-informa-ausencia-de-profesora","status":"publish","type":"post","link":"https:\/\/www.chb.cl\/sitio\/7d-8a-8b-8c-8d-informa-ausencia-de-profesora\/","title":{"rendered":"7D.8A.8B.8C.8D &#8211; Informa ausencia de Profesora"},"content":{"rendered":"<table class=\"mcnTextBlock\" border=\"0\" width=\"100%\" cellspacing=\"0\" cellpadding=\"0\">\n<tbody class=\"mcnTextBlockOuter\">\n<tr>\n<td class=\"mcnTextBlockInner\" valign=\"top\">\n<table class=\"mcnTextContentContainer\" border=\"0\" width=\"100%\" cellspacing=\"0\" cellpadding=\"0\" align=\"left\">\n<tbody>\n<tr>\n<td class=\"mcnTextContent\" valign=\"top\">\n<div><strong>Informa ausencia de Profesora<\/strong><\/div>\n<\/td>\n<\/tr>\n<\/tbody>\n<\/table>\n<\/td>\n<\/tr>\n<\/tbody>\n<\/table>\n<table class=\"mcnTextBlock\" border=\"0\" width=\"100%\" cellspacing=\"0\" cellpadding=\"0\">\n<tbody class=\"mcnTextBlockOuter\">\n<tr>\n<td class=\"mcnTextBlockInner\" valign=\"top\">\n<table class=\"mcnTextContentContainer\" border=\"0\" width=\"100%\" cellspacing=\"0\" cellpadding=\"0\" align=\"left\">\n<tbody>\n<tr>\n<td class=\"mcnTextContent\" valign=\"top\">\n<p dir=\"ltr\">Estimados apoderados:<\/p>\n<p dir=\"ltr\">Se informa que la docente titular de la asignatura de Historia y Geograf\u00eda, profesora Karem Baez, se encuentra ausente debido a una licencia m\u00e9dica.<\/p>\n<p dir=\"ltr\">Las clases se est\u00e1n desarrollando con normalidad, siguiendo la planificaci\u00f3n establecida por el Colegio, y el ingreso de material en el aula virtual contin\u00faa realiz\u00e1ndose conforme a lo programado.<\/p>\n<p dir=\"ltr\">Para cualquier consulta, pueden comunicarse directamente con la Unidad T\u00e9cnico Pedag\u00f3gica al correo:\u00a0<a href=\"mailto:utpmedia@chb.cl\" target=\"_blank\" rel=\"noopener\">utpmedia@chb.cl<\/a><\/p>\n<p dir=\"ltr\">Agradecemos su comprensi\u00f3n y apoyo.<\/p>\n<p dir=\"ltr\">Sin otro particular, se despide atentamente,<\/p>\n<p dir=\"ltr\"><strong>Ren\u00e9 Delgado Almeida<br \/>\nJefe Unidad T\u00e9cnico Pedag\u00f3gica<br \/>\nEducaci\u00f3n Media<\/strong><\/p>\n<\/td>\n<\/tr>\n<\/tbody>\n<\/table>\n<\/td>\n<\/tr>\n<\/tbody>\n<\/table>\n","protected":false},"excerpt":{"rendered":"<p>Informa ausencia de Profesora Estimados apoderados: Se informa que la docente titular de la asignatura de Historia y Geograf\u00eda, profesora Karem Baez, se encuentra ausente debido a una licencia m\u00e9dica. [&hellip;]<\/p>\n","protected":false},"author":1,"featured_media":0,"comment_status":"closed","ping_status":"closed","sticky":false,"template":"","format":"standard","meta":{"_et_pb_use_builder":"","_et_pb_old_content":"","_et_gb_content_width":"","footnotes":""},"categories":[96],"tags":[],"class_list":["post-43403","post","type-post","status-publish","format-standard","hentry","category-circulares2025"],"_links":{"self":[{"href":"https:\/\/www.chb.cl\/sitio\/wp-json\/wp\/v2\/posts\/43403","targetHints":{"allow":["GET"]}}],"collection":[{"href":"https:\/\/www.chb.cl\/sitio\/wp-json\/wp\/v2\/posts"}],"about":[{"href":"https:\/\/www.chb.cl\/sitio\/wp-json\/wp\/v2\/types\/post"}],"author":[{"embeddable":true,"href":"https:\/\/www.chb.cl\/sitio\/wp-json\/wp\/v2\/users\/1"}],"replies":[{"embeddable":true,"href":"https:\/\/www.chb.cl\/sitio\/wp-json\/wp\/v2\/comments?post=43403"}],"version-history":[{"count":0,"href":"https:\/\/www.chb.cl\/sitio\/wp-json\/wp\/v2\/posts\/43403\/revisions"}],"wp:attachment":[{"href":"https:\/\/www.chb.cl\/sitio\/wp-json\/wp\/v2\/media?parent=43403"}],"wp:term":[{"taxonomy":"category","embeddable":true,"href":"https:\/\/www.chb.cl\/sitio\/wp-json\/wp\/v2\/categories?post=43403"},{"taxonomy":"post_tag","embeddable":true,"href":"https:\/\/www.chb.cl\/sitio\/wp-json\/wp\/v2\/tags?post=43403"}],"curies":[{"name":"wp","href":"https:\/\/api.w.org\/{rel}","templated":true}]}}