{"id":43749,"date":"2025-10-22T17:36:33","date_gmt":"2025-10-22T20:36:33","guid":{"rendered":"https:\/\/www.chb.cl\/sitio\/?p=43749"},"modified":"2025-10-23T17:38:25","modified_gmt":"2025-10-23T20:38:25","slug":"3-basico-c-suspension-de-clases","status":"publish","type":"post","link":"https:\/\/www.chb.cl\/sitio\/3-basico-c-suspension-de-clases\/","title":{"rendered":"3\u00b0 b\u00e1sico C &#8211; Suspensi\u00f3n de Clases"},"content":{"rendered":"<div>Estimados Padres, Madres y Apoderados:<\/p>\n<p>Se informa que, debido a la confirmaci\u00f3n de un brote de varicela en el curso por parte del Departamento de Epidemiolog\u00eda del Servicio de Salud, y con la autorizaci\u00f3n de la autoridad ministerial, se ha resuelto suspender temporalmente las clases del\u00a0<strong>3\u00b0 B\u00e1sico C\u00a0<\/strong>desde ma\u00f1ana,<strong>\u00a0jueves 23 de octubre,\u00a0<\/strong>hasta el<strong>\u00a0martes 28 de octubre<\/strong>, retomando las actividades el\u00a0<strong>mi\u00e9rcoles 29 de octubre<\/strong>.<\/p>\n<p>En este contexto, el Colegio elaborar\u00e1 un plan de recuperaci\u00f3n de contenidos, el cual ser\u00e1 comunicado oportunamente.<\/p>\n<p>Adicionalmente, el martes 28 de octubre, la Unidad de Primeros Auxilios del Colegio se pondr\u00e1 en contacto con cada familia para recabar informaci\u00f3n acerca del estado de salud de los estudiantes y, eventualmente, tomar las decisiones correspondientes.<\/p>\n<p>Les solicitamos mantenerse atentos al estado de salud de sus hijos y acudir a un servicio m\u00e9dico en caso de detectar s\u00edntomas. En caso de confirmarse el contagio, ser\u00e1 fundamental respetar el periodo de reposo y no asistir al Colegio durante dicho tiempo.<\/p>\n<p>Agradecemos su comprensi\u00f3n, colaboraci\u00f3n y compromiso con el bienestar de nuestra comunidad educativa.<\/p>\n<p>Atentamente,\n<\/p><\/div>\n<div><strong>Jessica Pe\u00f1ailillo Leiva<br \/>\nJefe Unidad T\u00e9cnico Pedag\u00f3gica<br \/>\nEducaci\u00f3n B\u00e1sica<\/strong><\/div>\n","protected":false},"excerpt":{"rendered":"<p>Estimados Padres, Madres y Apoderados: Se informa que, debido a la confirmaci\u00f3n de un brote de varicela en el curso por parte del Departamento de Epidemiolog\u00eda del Servicio de Salud, [&hellip;]<\/p>\n","protected":false},"author":1,"featured_media":0,"comment_status":"closed","ping_status":"closed","sticky":false,"template":"","format":"standard","meta":{"_et_pb_use_builder":"","_et_pb_old_content":"","_et_gb_content_width":"","footnotes":""},"categories":[96],"tags":[],"class_list":["post-43749","post","type-post","status-publish","format-standard","hentry","category-circulares2025"],"_links":{"self":[{"href":"https:\/\/www.chb.cl\/sitio\/wp-json\/wp\/v2\/posts\/43749","targetHints":{"allow":["GET"]}}],"collection":[{"href":"https:\/\/www.chb.cl\/sitio\/wp-json\/wp\/v2\/posts"}],"about":[{"href":"https:\/\/www.chb.cl\/sitio\/wp-json\/wp\/v2\/types\/post"}],"author":[{"embeddable":true,"href":"https:\/\/www.chb.cl\/sitio\/wp-json\/wp\/v2\/users\/1"}],"replies":[{"embeddable":true,"href":"https:\/\/www.chb.cl\/sitio\/wp-json\/wp\/v2\/comments?post=43749"}],"version-history":[{"count":0,"href":"https:\/\/www.chb.cl\/sitio\/wp-json\/wp\/v2\/posts\/43749\/revisions"}],"wp:attachment":[{"href":"https:\/\/www.chb.cl\/sitio\/wp-json\/wp\/v2\/media?parent=43749"}],"wp:term":[{"taxonomy":"category","embeddable":true,"href":"https:\/\/www.chb.cl\/sitio\/wp-json\/wp\/v2\/categories?post=43749"},{"taxonomy":"post_tag","embeddable":true,"href":"https:\/\/www.chb.cl\/sitio\/wp-json\/wp\/v2\/tags?post=43749"}],"curies":[{"name":"wp","href":"https:\/\/api.w.org\/{rel}","templated":true}]}}