{"id":43792,"date":"2025-10-27T15:32:53","date_gmt":"2025-10-27T18:32:53","guid":{"rendered":"https:\/\/www.chb.cl\/sitio\/?p=43792"},"modified":"2025-10-27T15:32:53","modified_gmt":"2025-10-27T18:32:53","slug":"3-basico-c-comunicacion-calendario-de-cierre","status":"publish","type":"post","link":"https:\/\/www.chb.cl\/sitio\/3-basico-c-comunicacion-calendario-de-cierre\/","title":{"rendered":"3\u00b0 b\u00e1sico C &#8211; Comunicaci\u00f3n calendario de cierre"},"content":{"rendered":"<table class=\"mcnTextBlock\" border=\"0\" width=\"100%\" cellspacing=\"0\" cellpadding=\"0\">\n<tbody class=\"mcnTextBlockOuter\">\n<tr>\n<td class=\"mcnTextBlockInner\" valign=\"top\">\n<table class=\"mcnTextContentContainer\" border=\"0\" width=\"100%\" cellspacing=\"0\" cellpadding=\"0\" align=\"left\">\n<tbody>\n<tr>\n<td class=\"mcnTextContent\" valign=\"top\">\n<div><strong>Comunicaci\u00f3n calendario de cierre 3\u00b0C<\/strong><\/div>\n<\/td>\n<\/tr>\n<\/tbody>\n<\/table>\n<\/td>\n<\/tr>\n<\/tbody>\n<\/table>\n<table class=\"mcnTextBlock\" border=\"0\" width=\"100%\" cellspacing=\"0\" cellpadding=\"0\">\n<tbody class=\"mcnTextBlockOuter\">\n<tr>\n<td class=\"mcnTextBlockInner\" valign=\"top\">\n<table class=\"mcnTextContentContainer\" border=\"0\" width=\"100%\" cellspacing=\"0\" cellpadding=\"0\" align=\"left\">\n<tbody>\n<tr>\n<td class=\"mcnTextContent\" valign=\"top\">\n<div>Estimados padres, madres y apoderados de 3\u00b0 B\u00e1sico C:\n<\/div>\n<div>\n<div>Junto con saludar, se informa que, debido al brote de varicela en el curso y la consiguiente suspensi\u00f3n de clases, las fechas de cierre de evaluaciones y de registro de calificaciones se trasladar\u00e1n una semana. Esta medida busca asegurar que las instancias de preparaci\u00f3n para las evaluaciones se desarrollen de manera efectiva. En consecuencia, no ser\u00e1 necesario programar jornadas adicionales de recuperaci\u00f3n ni extender el t\u00e9rmino del a\u00f1o escolar. Considerando lo anterior, se han dispuesto los siguientes ajustes para el cierre del per\u00edodo:<\/div>\n<ul>\n<li dir=\"ltr\" aria-level=\"1\">\n<p dir=\"ltr\" role=\"presentation\"><strong>Cobertura de contenidos: hasta el viernes 28 de noviembre<\/strong><\/p>\n<\/li>\n<li dir=\"ltr\" aria-level=\"1\">\n<p dir=\"ltr\" role=\"presentation\"><strong>Cierre de evaluaciones: viernes 05 de diciembre.<\/strong><\/p>\n<\/li>\n<\/ul>\n<p dir=\"ltr\"><strong>Lo anterior, se realizar\u00e1 con los siguientes prop\u00f3sitos:<\/strong><\/p>\n<ul>\n<li dir=\"ltr\" aria-level=\"1\">\n<p dir=\"ltr\" role=\"presentation\">Se priorizar\u00e1n los aprendizajes esenciales para asegurar cobertura y calidad, sin sobrecargar la semana de cierre.<\/p>\n<\/li>\n<li dir=\"ltr\" aria-level=\"1\">\n<p dir=\"ltr\" role=\"presentation\">La cantidad de evaluaciones se reducir\u00e1 a lo estrictamente necesario y se privilegiar\u00e1n actividades de baja carga administrativa.<\/p>\n<\/li>\n<li dir=\"ltr\" aria-level=\"1\">\n<p dir=\"ltr\" role=\"presentation\">El calendario de evaluaciones ha sido ajustado para garantizar las instancias de retroalimentaci\u00f3n correspondientes.<\/p>\n<\/li>\n<li dir=\"ltr\" aria-level=\"1\">\n<p dir=\"ltr\" role=\"presentation\">El\u00a0 nuevo calendario de evaluaciones estar\u00e1 disponible en Lirmi a partir del martes 28 de octubre<\/p>\n<\/li>\n<li dir=\"ltr\" aria-level=\"1\">\n<p dir=\"ltr\" role=\"presentation\">Asegurar asistencia y puntualidad, especialmente entre el 28 de noviembre y el 05 de diciembre.<\/p>\n<\/li>\n<li dir=\"ltr\" aria-level=\"1\">\n<p dir=\"ltr\" role=\"presentation\">Informar oportunamente inasistencias o situaciones que puedan afectar el proceso de cierre de los estudiantes.<\/p>\n<\/li>\n<\/ul>\n<p dir=\"ltr\">Agradecemos vuestro apoyo en este proceso de finalizaci\u00f3n de a\u00f1o lectivo 2025.<\/p>\n<p dir=\"ltr\">\u00a0Ante cualquier duda, pueden comunicarse con la profesora jefe o con la jefatura de Unidad T\u00e9cnico Pedag\u00f3gica por los canales formales establecidos.<\/p>\n<p dir=\"ltr\"><strong>Jessica Pe\u00f1ailillo L.<br \/>\nJefa UTP Ed. B\u00e1sica<br \/>\nColegio Hispano Brit\u00e1nico<\/strong><\/p>\n<\/div>\n<\/td>\n<\/tr>\n<\/tbody>\n<\/table>\n<\/td>\n<\/tr>\n<\/tbody>\n<\/table>\n","protected":false},"excerpt":{"rendered":"<p>Comunicaci\u00f3n calendario de cierre 3\u00b0C Estimados padres, madres y apoderados de 3\u00b0 B\u00e1sico C: Junto con saludar, se informa que, debido al brote de varicela en el curso y la [&hellip;]<\/p>\n","protected":false},"author":1,"featured_media":0,"comment_status":"closed","ping_status":"closed","sticky":false,"template":"","format":"standard","meta":{"_et_pb_use_builder":"","_et_pb_old_content":"","_et_gb_content_width":"","footnotes":""},"categories":[96],"tags":[],"class_list":["post-43792","post","type-post","status-publish","format-standard","hentry","category-circulares2025"],"_links":{"self":[{"href":"https:\/\/www.chb.cl\/sitio\/wp-json\/wp\/v2\/posts\/43792","targetHints":{"allow":["GET"]}}],"collection":[{"href":"https:\/\/www.chb.cl\/sitio\/wp-json\/wp\/v2\/posts"}],"about":[{"href":"https:\/\/www.chb.cl\/sitio\/wp-json\/wp\/v2\/types\/post"}],"author":[{"embeddable":true,"href":"https:\/\/www.chb.cl\/sitio\/wp-json\/wp\/v2\/users\/1"}],"replies":[{"embeddable":true,"href":"https:\/\/www.chb.cl\/sitio\/wp-json\/wp\/v2\/comments?post=43792"}],"version-history":[{"count":0,"href":"https:\/\/www.chb.cl\/sitio\/wp-json\/wp\/v2\/posts\/43792\/revisions"}],"wp:attachment":[{"href":"https:\/\/www.chb.cl\/sitio\/wp-json\/wp\/v2\/media?parent=43792"}],"wp:term":[{"taxonomy":"category","embeddable":true,"href":"https:\/\/www.chb.cl\/sitio\/wp-json\/wp\/v2\/categories?post=43792"},{"taxonomy":"post_tag","embeddable":true,"href":"https:\/\/www.chb.cl\/sitio\/wp-json\/wp\/v2\/tags?post=43792"}],"curies":[{"name":"wp","href":"https:\/\/api.w.org\/{rel}","templated":true}]}}