{"id":43794,"date":"2025-10-27T15:33:34","date_gmt":"2025-10-27T18:33:34","guid":{"rendered":"https:\/\/www.chb.cl\/sitio\/?p=43794"},"modified":"2025-10-27T15:33:34","modified_gmt":"2025-10-27T18:33:34","slug":"3m-4m-invitacion-al-evento-latinoamerica-baila","status":"publish","type":"post","link":"https:\/\/www.chb.cl\/sitio\/3m-4m-invitacion-al-evento-latinoamerica-baila\/","title":{"rendered":"3\u00b0m.4\u00b0m &#8211; Invitaci\u00f3n al Evento \u00abLatinoam\u00e9rica Baila\u00bb"},"content":{"rendered":"<p dir=\"ltr\">Estimados Padres, Madres y Apoderados:<\/p>\n<p dir=\"ltr\">Los Departamentos de Educaci\u00f3n F\u00edsica y Salud y Educaci\u00f3n Ciudadana del Colegio Hispano Brit\u00e1nico, tienen el agrado de extenderles una cordial invitaci\u00f3n al evento\u00a0<strong>\u00abLatinoam\u00e9rica Baila\u00bb<\/strong>, una actividad llena de energ\u00eda, ritmo y aprendizaje organizada por el Departamento de Educaci\u00f3n F\u00edsica y Salud y Educaci\u00f3n Ciudadana.<\/p>\n<p dir=\"ltr\">En esta ocasi\u00f3n, los estudiantes de III\u00b0 y IV\u00b0 Medio demostrar\u00e1n sus habilidades y destrezas en una muestra folcl\u00f3rica que promete ser una experiencia vibrante, colmada de alegr\u00eda y cultura.<\/p>\n<p dir=\"ltr\"><strong>Detalles del evento:<\/strong><\/p>\n<ul>\n<li dir=\"ltr\" aria-level=\"1\">\n<p dir=\"ltr\" role=\"presentation\">Fecha: martes 28 de octubre.<\/p>\n<\/li>\n<li dir=\"ltr\" aria-level=\"1\">\n<p dir=\"ltr\" role=\"presentation\">Participantes: Estudiantes de III\u00b0 y IV\u00b0 Medio.<\/p>\n<\/li>\n<li dir=\"ltr\" aria-level=\"1\">\n<p dir=\"ltr\" role=\"presentation\">T\u00e9rmino de jornada1 de clases: 13.00 hrs (s\u00f3lo para III\u00b0 y IV\u00b0 medio)<\/p>\n<\/li>\n<li dir=\"ltr\" aria-level=\"1\">\n<p dir=\"ltr\" role=\"presentation\">Hora de ingreso de apoderados: 15:45 horas por puerta de Educaci\u00f3n Media (Salvador Allende Gossens)<\/p>\n<\/li>\n<\/ul>\n<p dir=\"ltr\">\u00a1Acomp\u00e1\u00f1enos en este d\u00eda tan especial y celebremos juntos la belleza de la danza latinoamericana!<\/p>\n<p dir=\"ltr\">Atentamente,<\/p>\n<p dir=\"ltr\"><strong>Jos\u00e9 T\u00e9llez Morales<br \/>\nDirector<br \/>\nColegio Hispano Brit\u00e1nico<\/strong><\/p>\n","protected":false},"excerpt":{"rendered":"<p>Estimados Padres, Madres y Apoderados: Los Departamentos de Educaci\u00f3n F\u00edsica y Salud y Educaci\u00f3n Ciudadana del Colegio Hispano Brit\u00e1nico, tienen el agrado de extenderles una cordial invitaci\u00f3n al evento\u00a0\u00abLatinoam\u00e9rica Baila\u00bb, [&hellip;]<\/p>\n","protected":false},"author":1,"featured_media":0,"comment_status":"closed","ping_status":"closed","sticky":false,"template":"","format":"standard","meta":{"_et_pb_use_builder":"","_et_pb_old_content":"","_et_gb_content_width":"","footnotes":""},"categories":[96],"tags":[],"class_list":["post-43794","post","type-post","status-publish","format-standard","hentry","category-circulares2025"],"_links":{"self":[{"href":"https:\/\/www.chb.cl\/sitio\/wp-json\/wp\/v2\/posts\/43794","targetHints":{"allow":["GET"]}}],"collection":[{"href":"https:\/\/www.chb.cl\/sitio\/wp-json\/wp\/v2\/posts"}],"about":[{"href":"https:\/\/www.chb.cl\/sitio\/wp-json\/wp\/v2\/types\/post"}],"author":[{"embeddable":true,"href":"https:\/\/www.chb.cl\/sitio\/wp-json\/wp\/v2\/users\/1"}],"replies":[{"embeddable":true,"href":"https:\/\/www.chb.cl\/sitio\/wp-json\/wp\/v2\/comments?post=43794"}],"version-history":[{"count":0,"href":"https:\/\/www.chb.cl\/sitio\/wp-json\/wp\/v2\/posts\/43794\/revisions"}],"wp:attachment":[{"href":"https:\/\/www.chb.cl\/sitio\/wp-json\/wp\/v2\/media?parent=43794"}],"wp:term":[{"taxonomy":"category","embeddable":true,"href":"https:\/\/www.chb.cl\/sitio\/wp-json\/wp\/v2\/categories?post=43794"},{"taxonomy":"post_tag","embeddable":true,"href":"https:\/\/www.chb.cl\/sitio\/wp-json\/wp\/v2\/tags?post=43794"}],"curies":[{"name":"wp","href":"https:\/\/api.w.org\/{rel}","templated":true}]}}