{"id":44058,"date":"2025-11-11T14:40:33","date_gmt":"2025-11-11T17:40:33","guid":{"rendered":"https:\/\/www.chb.cl\/sitio\/?p=44058"},"modified":"2025-11-12T14:41:00","modified_gmt":"2025-11-12T17:41:00","slug":"1-basico-a-3-medio-modificacion-de-horarios-de-termino-de-jornada-jueves-13-de-noviembre","status":"publish","type":"post","link":"https:\/\/www.chb.cl\/sitio\/1-basico-a-3-medio-modificacion-de-horarios-de-termino-de-jornada-jueves-13-de-noviembre\/","title":{"rendered":"1\u00b0 B\u00e1sico a 3\u00b0 Medio &#8211; Modificaci\u00f3n de horarios de t\u00e9rmino de jornada &#8211; jueves 13 de noviembre"},"content":{"rendered":"<p dir=\"ltr\">Estimados Padres, Madres y Apoderados:<\/p>\n<p dir=\"ltr\">Junto con saludar cordialmente, informamos que, con motivo de la Ceremonia de Licenciatura de los IV\u00b0 Medios, generaci\u00f3n 2025, y los preparativos previos necesarios para su correcta realizaci\u00f3n, el d\u00eda\u00a0<strong>jueves 13 de noviembre<\/strong>\u00a0el establecimiento\u00a0<strong>modificar\u00e1 el horario de t\u00e9rmino de la jornada escolar para todos los niveles<\/strong>, de acuerdo con el siguiente detalle:<\/p>\n<ul dir=\"ltr\">\n<li role=\"presentation\">1\u00b0 y 2\u00b0 B\u00e1sico: salida a las 12:30 hrs \/ Puerta Balmaceda<\/li>\n<li role=\"presentation\">3\u00b0 y 4\u00b0 B\u00e1sico: salida a las 12:45 hrs \/ Puerta Balmaceda<\/li>\n<li role=\"presentation\">5\u00b0 y 6\u00b0 B\u00e1sico: salida a las 12:45 hrs \/ Puerta Ed. Media<\/li>\n<li role=\"presentation\">7\u00b0 B\u00e1sico a III\u00b0 Medio: salida a las 13:00 hrs \/ Puerta Ed. Media<\/li>\n<\/ul>\n<p dir=\"ltr\">Agradecemos su comprensi\u00f3n y colaboraci\u00f3n frente a este ajuste, que busca garantizar el desarrollo adecuado de una de las ceremonias m\u00e1s significativas del a\u00f1o escolar.<\/p>\n<p dir=\"ltr\">Atentamente,<\/p>\n<p dir=\"ltr\"><strong>Alejandro Carrillo N\u00fa\u00f1ez<br \/>\nInspector General<br \/>\nColegio Hispano Brit\u00e1nico<\/strong><\/p>\n","protected":false},"excerpt":{"rendered":"<p>Estimados Padres, Madres y Apoderados: Junto con saludar cordialmente, informamos que, con motivo de la Ceremonia de Licenciatura de los IV\u00b0 Medios, generaci\u00f3n 2025, y los preparativos previos necesarios para [&hellip;]<\/p>\n","protected":false},"author":1,"featured_media":0,"comment_status":"closed","ping_status":"closed","sticky":false,"template":"","format":"standard","meta":{"_et_pb_use_builder":"","_et_pb_old_content":"","_et_gb_content_width":"","footnotes":""},"categories":[96],"tags":[],"class_list":["post-44058","post","type-post","status-publish","format-standard","hentry","category-circulares2025"],"_links":{"self":[{"href":"https:\/\/www.chb.cl\/sitio\/wp-json\/wp\/v2\/posts\/44058","targetHints":{"allow":["GET"]}}],"collection":[{"href":"https:\/\/www.chb.cl\/sitio\/wp-json\/wp\/v2\/posts"}],"about":[{"href":"https:\/\/www.chb.cl\/sitio\/wp-json\/wp\/v2\/types\/post"}],"author":[{"embeddable":true,"href":"https:\/\/www.chb.cl\/sitio\/wp-json\/wp\/v2\/users\/1"}],"replies":[{"embeddable":true,"href":"https:\/\/www.chb.cl\/sitio\/wp-json\/wp\/v2\/comments?post=44058"}],"version-history":[{"count":0,"href":"https:\/\/www.chb.cl\/sitio\/wp-json\/wp\/v2\/posts\/44058\/revisions"}],"wp:attachment":[{"href":"https:\/\/www.chb.cl\/sitio\/wp-json\/wp\/v2\/media?parent=44058"}],"wp:term":[{"taxonomy":"category","embeddable":true,"href":"https:\/\/www.chb.cl\/sitio\/wp-json\/wp\/v2\/categories?post=44058"},{"taxonomy":"post_tag","embeddable":true,"href":"https:\/\/www.chb.cl\/sitio\/wp-json\/wp\/v2\/tags?post=44058"}],"curies":[{"name":"wp","href":"https:\/\/api.w.org\/{rel}","templated":true}]}}