{"id":44476,"date":"2025-12-05T15:29:44","date_gmt":"2025-12-05T18:29:44","guid":{"rendered":"https:\/\/www.chb.cl\/sitio\/?p=44476"},"modified":"2025-12-09T15:31:41","modified_gmt":"2025-12-09T18:31:41","slug":"estudiantes-del-colegio-hispano-britanico-son-reconocidos-en-el-campeonato-escolar-de-matematicas-cmat-2025","status":"publish","type":"post","link":"https:\/\/www.chb.cl\/sitio\/estudiantes-del-colegio-hispano-britanico-son-reconocidos-en-el-campeonato-escolar-de-matematicas-cmat-2025\/","title":{"rendered":"Estudiantes del Colegio Hispano Brit\u00e1nico son reconocidos en el Campeonato Escolar de Matem\u00e1ticas CMAT-2025"},"content":{"rendered":"<p>[et_pb_section fb_built=\u00bb1&#8243; _builder_version=\u00bb4.16&#8243; global_colors_info=\u00bb{}\u00bb][et_pb_row _builder_version=\u00bb4.16&#8243; background_size=\u00bbinitial\u00bb background_position=\u00bbtop_left\u00bb background_repeat=\u00bbrepeat\u00bb global_colors_info=\u00bb{}\u00bb][et_pb_column type=\u00bb4_4&#8243; _builder_version=\u00bb4.16&#8243; custom_padding=\u00bb|||\u00bb global_colors_info=\u00bb{}\u00bb custom_padding__hover=\u00bb|||\u00bb][et_pb_text _builder_version=\u00bb4.27.4&#8243; background_size=\u00bbinitial\u00bb background_position=\u00bbtop_left\u00bb background_repeat=\u00bbrepeat\u00bb hover_enabled=\u00bb0&#8243; global_colors_info=\u00bb{}\u00bb sticky_enabled=\u00bb0&#8243;]<\/p>\n<p>Con enorme orgullo, la comunidad del Colegio Hispano Brit\u00e1nico celebra los destacados resultados obtenidos en el Campeonato Escolar de Matem\u00e1ticas CMAT-2025, cuya ceremonia de premiaci\u00f3n regional se realiz\u00f3 el viernes 05 de diciembre. Este certamen, que busca promover el aprendizaje y el gusto por las matem\u00e1ticas en estudiantes de educaci\u00f3n b\u00e1sica y media, convoc\u00f3 a doce establecimientos de la regi\u00f3n de Tarapac\u00e1 y a m\u00e1s de 260 participantes en una estimulante competencia de habilidades l\u00f3gicas y anal\u00edticas.<\/p>\n<p>El CMAT es una iniciativa nacional promovida en nuestra regi\u00f3n por la Facultad de Ciencias y la Facultad de Ingenier\u00eda y Arquitectura de la Universidad Arturo Prat (UNAP). Su objetivo fundamental es inspirar a las nuevas generaciones a explorar el fascinante mundo de las matem\u00e1ticas, reconociendo el talento y fomentando el desarrollo de competencias clave para su futuro.<\/p>\n<p>Nuestros estudiantes, desde 7\u00b0 B\u00e1sico hasta 4\u00b0 Medio, demostraron una gran dedicaci\u00f3n, razonamiento y pasi\u00f3n. Es importante destacar que, de los 30 estudiantes que participaron activamente durante el a\u00f1o en el proceso CMAT, 26 cumplieron con el requisito m\u00ednimo (rendir al menos 3 pruebas individuales) para ser reconocidos en esta ceremonia. A la premiaci\u00f3n asistieron 17 de nuestros estudiantes, ya que los alumnos de Tercero Medio se encontraban en una gira de estudios.<\/p>\n<p><strong>Felicitamos a todos nuestros participantes:<\/strong><\/p>\n<ul>\n<li>7\u00b0B: Catalina Friedli, Santiago Salas y P\u00eda Vald\u00e9s.<\/li>\n<li>7\u00b0C: Nicol\u00e1s Ortega y Ana\u00eds Paiva.<\/li>\n<li>7\u00b0D: Aashir Mohammad.<\/li>\n<li>8\u00b0A: Dominga Campos.<\/li>\n<li>8\u00b0B: Lucas Mor\u00f3n y Juan Jos\u00e9 Saavedra.<\/li>\n<li>8\u00b0C: Samantha Pozo.<\/li>\n<li>8\u00b0D: Javiera B\u00f3rquez.<\/li>\n<li>1\u00b0 Medio B: Paulina Cancino.<\/li>\n<li>1\u00b0 Medio C: M\u00e1ximo Rodr\u00edguez y Sebasti\u00e1n Vera.<\/li>\n<li>1\u00b0 Medio D: Rafaela Biaggini.<\/li>\n<li>2\u00b0 Medio B: Isidora Apablaza.<\/li>\n<li>2\u00b0 Medio D: Constanza Herrera y Fiorella Sciaraffia.<\/li>\n<li>3\u00b0 Medio: Mart\u00edn Fern\u00e1ndez y Tom\u00e1s Mart\u00ednez.<\/li>\n<\/ul>\n<p>Este logro es fruto de un trabajo sistem\u00e1tico realizado en los Talleres de Olimpiadas Matem\u00e1ticas, guiados durante el a\u00f1o por las docentes Roc\u00edo Garc\u00eda, Yail\u00e1n Godoy y el profesor Rodrigo Molina, adem\u00e1s del constante apoyo de sus familias y del enfoque pedag\u00f3gico del Departamento de Matem\u00e1ticas del Colegio.<\/p>\n<p><strong>Resultados Regionales:<\/strong><\/p>\n<p>Felicitamos calurosamente a cada uno de los estudiantes reconocidos, cuyos logros individuales y grupales en la etapa regional fueron:<\/p>\n<p><strong>Premiaci\u00f3n Individual Regional:<\/strong><\/p>\n<ul>\n<li>Categor\u00eda S\u00e9ptimo B\u00e1sico: Segundo Lugar para P\u00eda Vald\u00e9s.<\/li>\n<li>Categor\u00eda Octavo B\u00e1sico: Primer Lugar para Lucas Mor\u00f3n, Segundo Lugar para Samantha Pozo y Tercer Lugar para Dominga Campos.<\/li>\n<li>Categor\u00eda Primero Medio: Tercer Lugar para Sebasti\u00e1n Vera y Cuarto Lugar para Rafaela Biaggini.<\/li>\n<li>Categor\u00eda Tercero Medio: Tercer Lugar para Mart\u00edn Fern\u00e1ndez y Cuarto Lugar para Tom\u00e1s Mart\u00ednez.<\/li>\n<\/ul>\n<p><strong>Premiaci\u00f3n Grupal Regional:<\/strong><\/p>\n<ul>\n<li>Categor\u00eda Educaci\u00f3n B\u00e1sica: Primer Lugar para Octavo B\u00e1sico y Segundo Lugar para S\u00e9ptimo B\u00e1sico.<\/li>\n<li>Categor\u00eda Nivel Menor (7\u00b0-8\u00b0-1\u00b0-2\u00b0 Medio): Tercer Lugar para Segundo Medio.<\/li>\n<li>Categor\u00eda Nivel Mayor (3\u00b0-4\u00b0 Medio): Segundo Lugar para Tercero Medio.<\/li>\n<\/ul>\n<p><strong>Resultados Nacionales:<\/strong><\/p>\n<p>Adem\u00e1s, en la competencia a nivel nacional, nuestros estudiantes alcanzaron las siguientes distinciones:<\/p>\n<p><strong>Premiaci\u00f3n Individual Nacional:<\/strong><\/p>\n<ul>\n<li>Medalla de Plata: P\u00eda Vald\u00e9s (7\u00b0) y Lucas Mor\u00f3n (8\u00b0).<\/li>\n<li>Medalla de Bronce: Samantha Pozo (8\u00b0), Dominga Campos (8\u00b0) y Javiera B\u00f3rquez (8\u00b0).<\/li>\n<li>Medalla de Bronce (Nivel Mayor): Mart\u00edn Fern\u00e1ndez y Tom\u00e1s Mart\u00ednez (3\u00b0 Medio).<\/li>\n<\/ul>\n<p><strong>Premiaci\u00f3n Grupal Nacional:<\/strong><\/p>\n<ul>\n<li>Cuarto Lugar Nacional para el nivel de Octavo B\u00e1sico.<\/li>\n<li>Noveno Lugar Nacional para el nivel de Tercero Medio.<\/li>\n<\/ul>\n<p>El \u00e9xito de nuestros estudiantes en el CMAT-2025, tanto a nivel regional como nacional, nos llena de profunda satisfacci\u00f3n y refuerza nuestro compromiso de seguir cultivando el pensamiento cr\u00edtico, la resoluci\u00f3n de problemas y el amor por el conocimiento, pilares fundamentales de nuestra propuesta educativa.<\/p>\n<p style=\"text-align: center;\"><strong>\u00a1Felicitaciones a todo nuestro equipo matem\u00e1tico!<\/strong><\/p>\n<p>[\/et_pb_text][et_pb_gallery gallery_ids=\u00bb44479,44480,44481,44482,44483,44484,44485,44486,44487,44488,44489,44490,44491,44492,44512&#8243; fullwidth=\u00bbon\u00bb _builder_version=\u00bb4.27.4&#8243; _module_preset=\u00bbdefault\u00bb auto=\u00bbon\u00bb auto_speed=\u00bb3000&#8243; hover_enabled=\u00bb0&#8243; global_colors_info=\u00bb{}\u00bb sticky_enabled=\u00bb0&#8243;][\/et_pb_gallery][\/et_pb_column][\/et_pb_row][\/et_pb_section]<\/p>\n","protected":false},"excerpt":{"rendered":"<p>Con enorme orgullo, la comunidad del Colegio Hispano Brit\u00e1nico celebra los destacados resultados obtenidos en el Campeonato Escolar de Matem\u00e1ticas CMAT-2025, cuya ceremonia de premiaci\u00f3n regional se realiz\u00f3 el viernes [&hellip;]<\/p>\n","protected":false},"author":1,"featured_media":44513,"comment_status":"closed","ping_status":"closed","sticky":false,"template":"","format":"standard","meta":{"_et_pb_use_builder":"on","_et_pb_old_content":"<p>Con gran orgullo, nuestra comunidad educativa celebra el reconocimiento obtenido por estudiantes del Colegio Hispano Brit\u00e1nico en la ceremonia de premiaci\u00f3n del Campeonato Escolar de Matem\u00e1ticas CMAT-2025, celebrada este viernes 05 de diciembre. Este certamen, que busca promover el aprendizaje y el gusto por las matem\u00e1ticas en estudiantes de educaci\u00f3n b\u00e1sica y media, convoc\u00f3 a doce establecimientos de la regi\u00f3n de Tarapac\u00e1 y a m\u00e1s de 260 j\u00f3venes en una estimulante competencia de habilidades l\u00f3gicas y anal\u00edticas.<\/p><p>El CMAT es una iniciativa nacional promovida en nuestra regi\u00f3n por la Facultad de Ciencias y la Facultad de Ingenier\u00eda y Arquitectura de la Universidad Arturo Prat (UNAP). Su objetivo fundamental es inspirar a las nuevas generaciones a explorar el fascinante mundo de las matem\u00e1ticas, reconociendo el talento y fomentando el desarrollo de competencias en esta disciplina fundamental para el futuro acad\u00e9mico y profesional de los j\u00f3venes.<\/p><p>Nuestros estudiantes, desde 7\u00b0 B\u00e1sico hasta 2\u00b0 Medio, demostraron gran dedicaci\u00f3n, razonamiento y pasi\u00f3n por los n\u00fameros, destac\u00e1ndose entre cientos de participantes. Los alumnos reconocidos son:<\/p><ul><li>7\u00b0B: Catalina Friedli, Santiago Salas y P\u00eda Vald\u00e9s.<\/li><li>7\u00b0C: Nicol\u00e1s Ortega y Ana\u00eds Paiva.<\/li><li>7\u00b0D: Aashir Mohammad.<\/li><li>8\u00b0A: Dominga Campos.<\/li><li>8\u00b0B: Lucas Mor\u00f3n y Juan Jos\u00e9 Saavedra.<\/li><li>8\u00b0C: Samantha Pozo.<\/li><li>8\u00b0D: Javiera B\u00f3rquez.<\/li><li>1\u00b0 Medio B: Paulina Cancino.<\/li><li>1\u00b0 Medio C: M\u00e1ximo Rodr\u00edguez y Sebasti\u00e1n Vera.<\/li><li>1\u00b0 Medio D: Rafaela Biaggini.<\/li><li>2\u00b0 Medio B: Isidora Apablaza.<\/li><li>2\u00b0 Medio D: Constanza Herrera y Fiorella Sciaraffia.<\/li><\/ul><p>La ceremonia de premiaci\u00f3n fue un acto solemne que reconoci\u00f3 el esfuerzo individual y el talento matem\u00e1tico de cada uno de estos j\u00f3venes. Este logro no solo es un m\u00e9rito personal, sino tambi\u00e9n un reflejo del trabajo constante y del enfoque pedag\u00f3gico que impulsa el Departamento de Matem\u00e1ticas del Colegio, en conjunto con el apoyo y motivaci\u00f3n de sus familias.<\/p><p>Felicitamos calurosamente a cada uno de los estudiantes premiados. Su \u00e9xito en el CMAT-2025 nos llena de satisfacci\u00f3n y refuerza el compromiso de seguir cultivando el pensamiento cr\u00edtico, la resoluci\u00f3n de problemas y el amor por el conocimiento en todas las \u00e1reas, especialmente en las ciencias exactas.<\/p>","_et_gb_content_width":"","footnotes":""},"categories":[1],"tags":[],"class_list":["post-44476","post","type-post","status-publish","format-standard","has-post-thumbnail","hentry","category-noticias"],"_links":{"self":[{"href":"https:\/\/www.chb.cl\/sitio\/wp-json\/wp\/v2\/posts\/44476","targetHints":{"allow":["GET"]}}],"collection":[{"href":"https:\/\/www.chb.cl\/sitio\/wp-json\/wp\/v2\/posts"}],"about":[{"href":"https:\/\/www.chb.cl\/sitio\/wp-json\/wp\/v2\/types\/post"}],"author":[{"embeddable":true,"href":"https:\/\/www.chb.cl\/sitio\/wp-json\/wp\/v2\/users\/1"}],"replies":[{"embeddable":true,"href":"https:\/\/www.chb.cl\/sitio\/wp-json\/wp\/v2\/comments?post=44476"}],"version-history":[{"count":0,"href":"https:\/\/www.chb.cl\/sitio\/wp-json\/wp\/v2\/posts\/44476\/revisions"}],"wp:featuredmedia":[{"embeddable":true,"href":"https:\/\/www.chb.cl\/sitio\/wp-json\/wp\/v2\/media\/44513"}],"wp:attachment":[{"href":"https:\/\/www.chb.cl\/sitio\/wp-json\/wp\/v2\/media?parent=44476"}],"wp:term":[{"taxonomy":"category","embeddable":true,"href":"https:\/\/www.chb.cl\/sitio\/wp-json\/wp\/v2\/categories?post=44476"},{"taxonomy":"post_tag","embeddable":true,"href":"https:\/\/www.chb.cl\/sitio\/wp-json\/wp\/v2\/tags?post=44476"}],"curies":[{"name":"wp","href":"https:\/\/api.w.org\/{rel}","templated":true}]}}