{"id":45042,"date":"2026-02-24T11:01:34","date_gmt":"2026-02-24T14:01:34","guid":{"rendered":"https:\/\/www.chb.cl\/sitio\/?p=45042"},"modified":"2026-03-05T11:02:05","modified_gmt":"2026-03-05T14:02:05","slug":"informacion-importante-para-el-inicio-del-ano-escolar-3","status":"publish","type":"post","link":"https:\/\/www.chb.cl\/sitio\/informacion-importante-para-el-inicio-del-ano-escolar-3\/","title":{"rendered":"Informaci\u00f3n Importante para el inicio del a\u00f1o escolar"},"content":{"rendered":"<table role=\"presentation\" border=\"0\" width=\"100%\" cellspacing=\"0\" cellpadding=\"0\">\n<tbody>\n<tr>\n<td id=\"gutterContainerId-40\" class=\"mceGutterContainer\" valign=\"top\">\n<table role=\"presentation\" border=\"0\" width=\"100%\" cellspacing=\"0\" cellpadding=\"0\">\n<tbody>\n<tr>\n<td id=\"b40\" valign=\"top\">\n<table width=\"100%\">\n<tbody>\n<tr>\n<td class=\"mceTextBlockContainer\">\n<div id=\"d40\" class=\"mceText\" data-block-id=\"40\">\n<p class=\"\">Estimados Padres, Madres y Apoderados:<\/p>\n<p class=\"last-child\">Junto con saludar muy atentamente, esperando que hayan tenido unas lindas y reponedoras vacaciones, se informa que el inicio de este a\u00f1o acad\u00e9mico 2026, ser\u00e1 el pr\u00f3ximo lunes 02 de marzo. Los horarios por curso se encuentran disponibles en nuestra p\u00e1gina web:<\/p>\n<\/div>\n<\/td>\n<\/tr>\n<\/tbody>\n<\/table>\n<\/td>\n<\/tr>\n<\/tbody>\n<\/table>\n<\/td>\n<\/tr>\n<tr>\n<td id=\"b46\" class=\"mceButtonBlockContainer\" align=\"center\" valign=\"top\">\n<div><\/div>\n<table class=\"mceButtonContainer\" role=\"presentation\" border=\"0\" cellspacing=\"0\" cellpadding=\"0\" align=\"center\" data-block-id=\"46\">\n<tbody>\n<tr class=\"mceStandardButton\">\n<td class=\"mceButton\" valign=\"top\"><a class=\"mceButtonLink\" href=\"https:\/\/www.chb.cl\/sitio\/horarios-ensenanza-basica-2026\/\" target=\"_blank\" rel=\"noopener noreferrer\">Ense\u00f1anza B\u00e1sica<\/a><\/td>\n<\/tr>\n<\/tbody>\n<\/table>\n<div><\/div>\n<\/td>\n<\/tr>\n<tr>\n<td id=\"b47\" class=\"mceButtonBlockContainer\" align=\"center\" valign=\"top\">\n<div><\/div>\n<table class=\"mceButtonContainer\" role=\"presentation\" border=\"0\" cellspacing=\"0\" cellpadding=\"0\" align=\"center\" data-block-id=\"47\">\n<tbody>\n<tr class=\"mceStandardButton\">\n<td class=\"mceButton\" valign=\"top\"><a class=\"mceButtonLink\" href=\"https:\/\/www.chb.cl\/sitio\/horarios-ensenanza-media-2026\/\" target=\"_blank\" rel=\"noopener noreferrer\">Ense\u00f1anza Media<\/a><\/td>\n<\/tr>\n<\/tbody>\n<\/table>\n<div><\/div>\n<\/td>\n<\/tr>\n<tr>\n<td id=\"gutterContainerId-48\" class=\"mceGutterContainer\" valign=\"top\">\n<table role=\"presentation\" border=\"0\" width=\"100%\" cellspacing=\"0\" cellpadding=\"0\">\n<tbody>\n<tr>\n<td id=\"b48\" valign=\"top\">\n<table width=\"100%\">\n<tbody>\n<tr>\n<td class=\"mceTextBlockContainer\">\n<div id=\"d48\" class=\"mceText\" data-block-id=\"48\">\n<p class=\"last-child\">El primer d\u00eda de clases, el horario ser\u00e1 el siguiente:<\/p>\n<\/div>\n<\/td>\n<\/tr>\n<\/tbody>\n<\/table>\n<\/td>\n<\/tr>\n<\/tbody>\n<\/table>\n<\/td>\n<\/tr>\n<tr>\n<td id=\"b49\" class=\"mceImageBlockContainer\" align=\"center\" valign=\"top\">\n<div><\/div>\n<table role=\"presentation\" border=\"0\" width=\"100%\" cellspacing=\"0\" cellpadding=\"0\" align=\"center\" data-testid=\"image-49\">\n<tbody>\n<tr>\n<td valign=\"top\"><img decoding=\"async\" class=\"imageDropZone mceImage\" src=\"https:\/\/mcusercontent.com\/312f5996e69f1a9a58475a471\/images\/427e1093-b81a-4252-ea53-8e2b09315f23.png\" alt=\"\" width=\"612\" height=\"auto\" data-block-id=\"49\" \/><\/td>\n<\/tr>\n<\/tbody>\n<\/table>\n<div><\/div>\n<div><\/div>\n<\/td>\n<\/tr>\n<tr>\n<td id=\"gutterContainerId-50\" class=\"mceGutterContainer\" valign=\"top\">\n<table role=\"presentation\" border=\"0\" width=\"100%\" cellspacing=\"0\" cellpadding=\"0\">\n<tbody>\n<tr>\n<td id=\"b50\" valign=\"top\">\n<table width=\"100%\">\n<tbody>\n<tr>\n<td class=\"mceTextBlockContainer\">\n<div id=\"d50\" class=\"mceText\" data-block-id=\"50\">\n<p class=\"last-child\"><strong>Importante:<\/strong>\u00a0Desde el d\u00eda martes 03 de marzo en adelante, todos los niveles cumplen con su horario seg\u00fan los informado en p\u00e1gina web, con excepci\u00f3n de la\u00a0jornada de deportes\u00a0que debido a las altas temperaturas registradas en la regi\u00f3n, iniciar\u00e1n el d\u00eda 16 de marzo, previa evaluaci\u00f3n de las condiciones clim\u00e1ticas.<\/p>\n<\/div>\n<\/td>\n<\/tr>\n<\/tbody>\n<\/table>\n<\/td>\n<\/tr>\n<\/tbody>\n<\/table>\n<\/td>\n<\/tr>\n<tr>\n<td id=\"gutterContainerId-52\" class=\"mceGutterContainer\" valign=\"top\">\n<table role=\"presentation\" border=\"0\" width=\"100%\" cellspacing=\"0\" cellpadding=\"0\">\n<tbody>\n<tr>\n<td id=\"b52\" class=\"mceLayoutContainer\" valign=\"top\">\n<table id=\"section_bf443beef1c285d2966246b64291cb3c\" class=\"mceLayout\" role=\"presentation\" border=\"0\" width=\"100%\" cellspacing=\"0\" cellpadding=\"0\" align=\"center\" data-block-id=\"52\">\n<tbody>\n<tr class=\"mceRow\">\n<td valign=\"top\">\n<table role=\"presentation\" border=\"0\" width=\"100%\" cellspacing=\"0\" cellpadding=\"0\">\n<tbody>\n<tr>\n<td id=\"mceColumnId--18\" class=\"mceColumn\" colspan=\"12\" valign=\"top\" width=\"100%\" data-block-id=\"-18\">\n<table role=\"presentation\" border=\"0\" width=\"100%\" cellspacing=\"0\" cellpadding=\"0\">\n<tbody>\n<tr>\n<td id=\"b-12\" align=\"center\" valign=\"top\">\n<table role=\"presentation\" border=\"0\" width=\"100%\" cellspacing=\"0\" cellpadding=\"0\" align=\"center\" data-block-id=\"-12\">\n<tbody>\n<tr class=\"mceRow\">\n<td valign=\"top\">\n<table role=\"presentation\" border=\"0\" width=\"100%\" cellspacing=\"0\" cellpadding=\"0\">\n<tbody>\n<tr>\n<td id=\"mceColumnId--21\" class=\"mceColumn\" colspan=\"12\" valign=\"top\" width=\"100%\" data-block-id=\"-21\">\n<table role=\"presentation\" border=\"0\" width=\"100%\" cellspacing=\"0\" cellpadding=\"0\">\n<tbody>\n<tr>\n<td id=\"b57\" valign=\"top\">\n<table role=\"presentation\" border=\"0\" width=\"100%\" cellspacing=\"0\" cellpadding=\"0\" align=\"center\" data-block-id=\"57\">\n<tbody>\n<tr class=\"mceRow\">\n<td valign=\"top\">\n<table role=\"presentation\" border=\"0\" width=\"100%\" cellspacing=\"24\" cellpadding=\"0\">\n<tbody>\n<tr>\n<td id=\"mceColumnId-54\" class=\"mceColumn\" colspan=\"12\" valign=\"top\" width=\"100%\" data-block-id=\"54\">\n<table role=\"presentation\" border=\"0\" width=\"100%\" cellspacing=\"0\" cellpadding=\"0\">\n<tbody>\n<tr>\n<td id=\"gutterContainerId-58\" class=\"mceGutterContainer\" valign=\"top\">\n<table role=\"presentation\" border=\"0\" width=\"100%\" cellspacing=\"0\" cellpadding=\"0\">\n<tbody>\n<tr>\n<td id=\"b58\" valign=\"top\">\n<table width=\"100%\">\n<tbody>\n<tr>\n<td class=\"mceTextBlockContainer\">\n<div id=\"d58\" class=\"mceText\" data-block-id=\"58\">\n<p class=\"\"><strong>Calendario Escolar 2026:<\/strong><\/p>\n<ol>\n<li>\n<p class=\"\">Ingreso Estudiantes: &#8211; Lunes 02 de marzo de 2026.<\/p>\n<\/li>\n<li>\n<p class=\"\">Primer semestre: &#8211; 02 de marzo al 10 de julio.<\/p>\n<\/li>\n<li>\n<p class=\"\">Desfile Glorias Navales &#8211; 15 de mayo, delegaci\u00f3n III\u00b0 y IV\u00b0 medios<\/p>\n<\/li>\n<li>\n<p class=\"\">Vacaciones de invierno: &#8211; 13 al 28 de julio.<\/p>\n<\/li>\n<li>\n<p class=\"\">Jornada Ev. y planificaci\u00f3n: &#8211; 26 y 27 de julio, jornada sin estudiantes.<\/p>\n<\/li>\n<li>\n<p class=\"\">Actividades aniversario: &#8211; 28, 29 y 30 de julio.<\/p>\n<\/li>\n<li>\n<p class=\"\">Segundo semestre: &#8211; 29 de julio al 11 de diciembre.<\/p>\n<\/li>\n<li>\n<p class=\"\">Receso fiestas patrias: &#8211; 14, 15, 16 y 17 de septiembre.<\/p>\n<\/li>\n<li>\n<p class=\"\">D\u00eda del profesor y profesora: &#8211; 16 de octubre, jornada sin estudiantes.<\/p>\n<\/li>\n<\/ol>\n<ul>\n<li>Los apoderados de 1\u00b0 b\u00e1sico podr\u00e1n ingresar y dejar a los estudiantes en la sala de clases a partir de las 7.30 hrs. Esta din\u00e1mica es\u00a0<strong>s\u00f3lo para el mes de marzo.<\/strong>\u00a0A partir del 01 de abril los estudiantes ingresan solos por la puerta de calle Manuel Balmaceda.<\/li>\n<li>Desde el primer d\u00eda de clases, la asistencia y la puntualidad de su hijo o hija ser\u00e1n controladas, por lo que solicitamos su m\u00e1ximo apoyo al respecto.<\/li>\n<li>La inasistencia a clases debe ser justificada por el apoderado en un plazo de 48 horas para motivos m\u00e9dicos y de 24 horas para otras causales de fuerza mayor.\u00a0Dicha justificaci\u00f3n debe ser informada v\u00eda correo electr\u00f3nico incluyendo, en los casos que corresponda, la documentaci\u00f3n de respaldo. Para tales efectos, dirigir el correo a las siguientes direcciones, seg\u00fan corresponda:<\/li>\n<\/ul>\n<ul>\n<li>Estudiantes de Ed. B\u00e1sica: &#8211;\u00a0<a href=\"mailto:justificacion.basica@chb.cl?subject=&amp;body=\" target=\"_blank\" rel=\"noopener\">justificaciones.basica@chb.cl<\/a><\/li>\n<li>Estudiantes de Ed. Media: &#8211;\u00a0<a href=\"mailto:justificacion.media@chb.cl?subject=&amp;body=\" target=\"_blank\" rel=\"noopener\">justificaciones.media@chb.cl<\/a><\/li>\n<li>El retiro de estudiantes durante la jornada escolar es un proceso que debe ser realizado presencialmente por los apoderados, mediante tr\u00e1mite en la oficina de secretar\u00eda del Colegio.\u00a0<strong>No se aceptan retiros de estudiantes por tel\u00e9fono ni a trav\u00e9s de correos electr\u00f3nicos, de acuerdo a lo establecido en el Reglamento de Convivencia en su t\u00edtulo D\u00e9cimo Septimo.<\/strong><\/li>\n<li>El uso del Uniforme Escolar es obligatorio, no obstante, durante el mes de marzo, se autoriza a los estudiantes vestir su tenida deportiva institucional (shorts y polera); no se permitir\u00e1 el uso de prendas alternativas.<\/li>\n<li>Se solicita traer desde el hogar bloqueador solar, gorro con protecci\u00f3n para el sol y una botella con agua. Para las colaciones sugerimos que \u00e9stas sean frescas, evitando la comida chatarra y bebidas azucaradas.<\/li>\n<li>El Colegio dispondr\u00e1 puntos de resguardo del sol y de hidrataci\u00f3n, asimismo, existir\u00e1 una adecuada ventilaci\u00f3n de las salas y protecci\u00f3n solar en los techos del edificio. Tambi\u00e9n, se realizar\u00e1 un ajuste horario de las clases de Educaci\u00f3n F\u00edsica y la Jornada Deportiva, para evitar la exposici\u00f3n al calor.<\/li>\n<li>Se sugiere organizar con tiempo el traslado hacia y desde el Colegio, a modo de evitar congesti\u00f3n veh\u00edcular<\/li>\n<\/ul>\n<p>Atentamente,<\/p>\n<p><strong>Alejandra Milla Ahumada<\/strong><\/p>\n<p><strong>Inspectora General<\/strong><\/p>\n<p class=\"last-child\"><strong>Colegio Hispano Brit\u00e1nico<\/strong><\/p>\n<\/div>\n<\/td>\n<\/tr>\n<\/tbody>\n<\/table>\n<\/td>\n<\/tr>\n<\/tbody>\n<\/table>\n<\/td>\n<\/tr>\n<\/tbody>\n<\/table>\n<\/td>\n<\/tr>\n<\/tbody>\n<\/table>\n<\/td>\n<\/tr>\n<\/tbody>\n<\/table>\n<\/td>\n<\/tr>\n<\/tbody>\n<\/table>\n<\/td>\n<\/tr>\n<\/tbody>\n<\/table>\n<\/td>\n<\/tr>\n<\/tbody>\n<\/table>\n<\/td>\n<\/tr>\n<\/tbody>\n<\/table>\n<\/td>\n<\/tr>\n<\/tbody>\n<\/table>\n<\/td>\n<\/tr>\n<\/tbody>\n<\/table>\n<\/td>\n<\/tr>\n<\/tbody>\n<\/table>\n<\/td>\n<\/tr>\n<\/tbody>\n<\/table>\n","protected":false},"excerpt":{"rendered":"<p>Estimados Padres, Madres y Apoderados: Junto con saludar muy atentamente, esperando que hayan tenido unas lindas y reponedoras vacaciones, se informa que el inicio de este a\u00f1o acad\u00e9mico 2026, ser\u00e1 [&hellip;]<\/p>\n","protected":false},"author":1,"featured_media":0,"comment_status":"closed","ping_status":"closed","sticky":false,"template":"","format":"standard","meta":{"_et_pb_use_builder":"","_et_pb_old_content":"","_et_gb_content_width":"","footnotes":""},"categories":[222],"tags":[],"class_list":["post-45042","post","type-post","status-publish","format-standard","hentry","category-circulares2026"],"_links":{"self":[{"href":"https:\/\/www.chb.cl\/sitio\/wp-json\/wp\/v2\/posts\/45042","targetHints":{"allow":["GET"]}}],"collection":[{"href":"https:\/\/www.chb.cl\/sitio\/wp-json\/wp\/v2\/posts"}],"about":[{"href":"https:\/\/www.chb.cl\/sitio\/wp-json\/wp\/v2\/types\/post"}],"author":[{"embeddable":true,"href":"https:\/\/www.chb.cl\/sitio\/wp-json\/wp\/v2\/users\/1"}],"replies":[{"embeddable":true,"href":"https:\/\/www.chb.cl\/sitio\/wp-json\/wp\/v2\/comments?post=45042"}],"version-history":[{"count":0,"href":"https:\/\/www.chb.cl\/sitio\/wp-json\/wp\/v2\/posts\/45042\/revisions"}],"wp:attachment":[{"href":"https:\/\/www.chb.cl\/sitio\/wp-json\/wp\/v2\/media?parent=45042"}],"wp:term":[{"taxonomy":"category","embeddable":true,"href":"https:\/\/www.chb.cl\/sitio\/wp-json\/wp\/v2\/categories?post=45042"},{"taxonomy":"post_tag","embeddable":true,"href":"https:\/\/www.chb.cl\/sitio\/wp-json\/wp\/v2\/tags?post=45042"}],"curies":[{"name":"wp","href":"https:\/\/api.w.org\/{rel}","templated":true}]}}