{"id":46781,"date":"2026-09-01T09:15:09","date_gmt":"2026-09-01T12:15:09","guid":{"rendered":"https:\/\/www.chb.cl\/sitio\/?p=46781"},"modified":"2026-09-01T09:15:13","modified_gmt":"2026-09-01T12:15:13","slug":"feria-circular-chb-una-segunda-oportunidad-para-compartir-y-cuidar-el-medioambiente","status":"publish","type":"post","link":"https:\/\/www.chb.cl\/sitio\/feria-circular-chb-una-segunda-oportunidad-para-compartir-y-cuidar-el-medioambiente\/","title":{"rendered":"Feria Circular CHB: una segunda oportunidad para compartir y cuidar el medioambiente"},"content":{"rendered":"<p>[et_pb_section fb_built=\u00bb1&#8243; _builder_version=\u00bb4.16&#8243; global_colors_info=\u00bb{}\u00bb][et_pb_row _builder_version=\u00bb4.16&#8243; background_size=\u00bbinitial\u00bb background_position=\u00bbtop_left\u00bb background_repeat=\u00bbrepeat\u00bb global_colors_info=\u00bb{}\u00bb][et_pb_column type=\u00bb4_4&#8243; _builder_version=\u00bb4.16&#8243; custom_padding=\u00bb|||\u00bb global_colors_info=\u00bb{}\u00bb custom_padding__hover=\u00bb|||\u00bb][et_pb_text _builder_version=\u00bb4.16&#8243; background_size=\u00bbinitial\u00bb background_position=\u00bbtop_left\u00bb background_repeat=\u00bbrepeat\u00bb global_colors_info=\u00bb{}\u00bb]<span style=\"font-weight: 400;\">El pasado s\u00e1bado 29 de agosto, la comunidad del Colegio Hispano Brit\u00e1nico volvi\u00f3 a encontrarse en una nueva versi\u00f3n de la Feria Circular, iniciativa organizada por el Centro General de Padres, Madres y Apoderados, que busca promover una forma m\u00e1s consciente y responsable de relacionarnos con aquello que tenemos y que ya no utilizamos.<\/span><\/p>\n<p><span style=\"font-weight: 400;\">Durante la jornada, juguetes, ropa, libros e implementos que se encontraban en desuso tuvieron la oportunidad de encontrar un nuevo hogar y continuar su vida \u00fatil, evitando que estos elementos terminaran simplemente como residuos.<\/span><\/p>\n<p><span style=\"font-weight: 400;\">La Feria Circular se convierte as\u00ed en una instancia que combina participaci\u00f3n, encuentro comunitario y compromiso medioambiental, demostrando que peque\u00f1as acciones pueden contribuir a generar h\u00e1bitos m\u00e1s sostenibles.<\/span><\/p>\n<p><span style=\"font-weight: 400;\">Reutilizar, compartir y dar una segunda oportunidad tambi\u00e9n es cuidar nuestro planeta.<\/span><\/p>\n<p><span style=\"font-weight: 400;\">Esta iniciativa refleja adem\u00e1s el compromiso de la comunidad Hispano Brit\u00e1nico con la construcci\u00f3n de una cultura de responsabilidad ambiental, donde cada integrante puede aportar desde acciones concretas y cotidianas.<\/span><\/p>\n<p><span style=\"font-weight: 400;\">Agradecemos al Centro General de Padres, Madres y Apoderados por impulsar nuevamente esta iniciativa y a todas las familias que participaron, aportando a que aquello que ya no necesitaban pudiera seguir siendo \u00fatil para alguien m\u00e1s.<\/span><\/p>\n<p><span style=\"font-weight: 400;\">Porque cuidar el medioambiente tambi\u00e9n es una forma de construir juntos el futuro.<\/span><br \/>\n[\/et_pb_text][et_pb_gallery _builder_version=\u00bb4.27.7&#8243; _module_preset=\u00bbdefault\u00bb fullwidth=\u00bbon\u00bb auto=\u00bbon\u00bb auto_speed=\u00bb3000&#8243; gallery_ids=\u00bb46784,46785,46786,46787,46788,46789,46790,46791&#8243; hover_enabled=\u00bb0&#8243; sticky_enabled=\u00bb0&#8243;][\/et_pb_gallery][\/et_pb_column][\/et_pb_row][\/et_pb_section]<\/p>\n","protected":false},"excerpt":{"rendered":"<p>El pasado s\u00e1bado 29 de agosto, la comunidad del Colegio Hispano Brit\u00e1nico volvi\u00f3 a encontrarse en una nueva versi\u00f3n de la Feria Circular, iniciativa organizada por el Centro General de [&hellip;]<\/p>\n","protected":false},"author":8,"featured_media":46791,"comment_status":"closed","ping_status":"closed","sticky":false,"template":"","format":"standard","meta":{"_et_pb_use_builder":"on","_et_pb_old_content":"<p><span style=\"font-weight: 400;\">El pasado s\u00e1bado 29 de agosto, la comunidad del Colegio Hispano Brit\u00e1nico volvi\u00f3 a encontrarse en una nueva versi\u00f3n de la Feria Circular, iniciativa organizada por el Centro General de Padres, Madres y Apoderados, que busca promover una forma m\u00e1s consciente y responsable de relacionarnos con aquello que tenemos y que ya no utilizamos.<\/span><\/p><p><span style=\"font-weight: 400;\">Durante la jornada, juguetes, ropa, libros e implementos que se encontraban en desuso tuvieron la oportunidad de encontrar un nuevo hogar y continuar su vida \u00fatil, evitando que estos elementos terminaran simplemente como residuos.<\/span><\/p><p><span style=\"font-weight: 400;\">La Feria Circular se convierte as\u00ed en una instancia que combina participaci\u00f3n, encuentro comunitario y compromiso medioambiental, demostrando que peque\u00f1as acciones pueden contribuir a generar h\u00e1bitos m\u00e1s sostenibles.<\/span><\/p><p><span style=\"font-weight: 400;\">Reutilizar, compartir y dar una segunda oportunidad tambi\u00e9n es cuidar nuestro planeta.<\/span><\/p><p><span style=\"font-weight: 400;\">Esta iniciativa refleja adem\u00e1s el compromiso de la comunidad Hispano Brit\u00e1nico con la construcci\u00f3n de una cultura de responsabilidad ambiental, donde cada integrante puede aportar desde acciones concretas y cotidianas.<\/span><\/p><p><span style=\"font-weight: 400;\">Agradecemos al Centro General de Padres, Madres y Apoderados por impulsar nuevamente esta iniciativa y a todas las familias que participaron, aportando a que aquello que ya no necesitaban pudiera seguir siendo \u00fatil para alguien m\u00e1s.<\/span><\/p><p><span style=\"font-weight: 400;\">Porque cuidar el medioambiente tambi\u00e9n es una forma de construir juntos el futuro.<\/span><\/p>","_et_gb_content_width":"","footnotes":""},"categories":[1],"tags":[],"class_list":["post-46781","post","type-post","status-publish","format-standard","has-post-thumbnail","hentry","category-noticias"],"_links":{"self":[{"href":"https:\/\/www.chb.cl\/sitio\/wp-json\/wp\/v2\/posts\/46781","targetHints":{"allow":["GET"]}}],"collection":[{"href":"https:\/\/www.chb.cl\/sitio\/wp-json\/wp\/v2\/posts"}],"about":[{"href":"https:\/\/www.chb.cl\/sitio\/wp-json\/wp\/v2\/types\/post"}],"author":[{"embeddable":true,"href":"https:\/\/www.chb.cl\/sitio\/wp-json\/wp\/v2\/users\/8"}],"replies":[{"embeddable":true,"href":"https:\/\/www.chb.cl\/sitio\/wp-json\/wp\/v2\/comments?post=46781"}],"version-history":[{"count":2,"href":"https:\/\/www.chb.cl\/sitio\/wp-json\/wp\/v2\/posts\/46781\/revisions"}],"predecessor-version":[{"id":46792,"href":"https:\/\/www.chb.cl\/sitio\/wp-json\/wp\/v2\/posts\/46781\/revisions\/46792"}],"wp:featuredmedia":[{"embeddable":true,"href":"https:\/\/www.chb.cl\/sitio\/wp-json\/wp\/v2\/media\/46791"}],"wp:attachment":[{"href":"https:\/\/www.chb.cl\/sitio\/wp-json\/wp\/v2\/media?parent=46781"}],"wp:term":[{"taxonomy":"category","embeddable":true,"href":"https:\/\/www.chb.cl\/sitio\/wp-json\/wp\/v2\/categories?post=46781"},{"taxonomy":"post_tag","embeddable":true,"href":"https:\/\/www.chb.cl\/sitio\/wp-json\/wp\/v2\/tags?post=46781"}],"curies":[{"name":"wp","href":"https:\/\/api.w.org\/{rel}","templated":true}]}}